{"id":2558,"date":"2019-03-26T09:52:40","date_gmt":"2019-03-26T12:52:40","guid":{"rendered":"https:\/\/www.paranapraia.com.br\/?p=2558"},"modified":"2019-03-26T09:52:44","modified_gmt":"2019-03-26T12:52:44","slug":"estudo-aponta-que-cerebro-continua-a-ganhar-novos-neuronios-ao-longo-da-vida","status":"publish","type":"post","link":"https:\/\/www.paranapraia.com.br\/index.php\/2019\/03\/26\/estudo-aponta-que-cerebro-continua-a-ganhar-novos-neuronios-ao-longo-da-vida\/","title":{"rendered":"Estudo aponta que c\u00e9rebro continua a ganhar novos neur\u00f4nios ao longo da vida"},"content":{"rendered":"\n<p>O ser humano continua a produzir novas&nbsp;<a href=\"https:\/\/www.bbc.com\/portuguese\/topics\/c4794229-7f87-43ce-ac0a-6cfcd6d3cef2\">c\u00e9lulas cerebrais<\/a>&nbsp;ao longo da vida, pelo menos at\u00e9 os 97 anos, de acordo com um&nbsp;<a href=\"https:\/\/www.bbc.com\/portuguese\/topics\/0f469e6a-d4a6-46f2-b727-2bd039cb6b53\">novo estudo<\/a>.<\/p>\n\n\n\n<p>Esta ideia tem sido amplamente debatida, e costumava-se pensar que nascemos com todas as c\u00e9lulas cerebrais que teremos em toda a vida.<\/p>\n\n\n\n<p>Os pesquisadores da Universidade de Madri, na Espanha, tamb\u00e9m demonstraram que o n\u00famero de novas c\u00e9lulas cerebrais produzidas diminui com a idade e que isso cai drasticamente nos est\u00e1gios iniciais da doen\u00e7a de Alzheimer &#8211; o que permite pensar em novas formas de tratamento para dem\u00eancia.<\/p>\n\n\n\n<p>Estudos com outros mam\u00edferos j\u00e1 haviam demonstrado que novas c\u00e9lulas cerebrais s\u00e3o formadas em est\u00e1gios posteriores da vida, mas a extens\u00e3o desta &#8220;neurog\u00eanese&#8221; no c\u00e9rebro humano ainda \u00e9 algo pol\u00eamico.<\/p>\n\n\n\n<h2 class=\"wp-block-heading\">Como foi feito o estudo<\/h2>\n\n\n\n<p>O estudo, publicado na revista Nature Medicine, analisou os c\u00e9rebros de 58 pessoas mortas quando tinham entre 43 e 97 anos de idade.<\/p>\n\n\n\n<p>O foco estava no hipocampo &#8211; uma parte do c\u00e9rebro envolvida com a mem\u00f3ria e a emo\u00e7\u00e3o. \u00c9 desta parte do c\u00e9rebro que voc\u00ea precisa para se lembrar onde estacionou o carro, por exemplo.<\/p>\n\n\n\n<p>A maioria dos nossos neur\u00f4nios &#8211; c\u00e9lulas cerebrais que enviam sinais el\u00e9tricos &#8211; de fato j\u00e1 existem quando nascemos. Mas estas c\u00e9lulas n\u00e3o emergem no c\u00e9rebro totalmente formadas. Elas t\u00eam de passar por um processo de crescimento e matura\u00e7\u00e3o.<\/p>\n\n\n\n<p>Os pesquisadores conseguiram identificar neur\u00f4nios imaturos ou &#8220;novos&#8221; nos c\u00e9rebros examinados. Nos c\u00e9rebros saud\u00e1veis, \u200b\u200bhouve uma &#8220;ligeira diminui\u00e7\u00e3o&#8221; desta neurog\u00eanese com a idade.<\/p>\n\n\n\n<figure class=\"wp-block-image\"><img decoding=\"async\" src=\"https:\/\/ichef.bbci.co.uk\/news\/624\/cpsprodpb\/0F92\/production\/_106168930_imagemoreno-jimnez.jpg\" alt=\"Imagem de exame mostra novos neur\u00f4nios se formando no c\u00e9rebro, em vermelho\"\/><figcaption>Image captionPesquisadores identificaram neur\u00f4nios imaturos ou &#8220;novos&#8221; (em vermelho) nos c\u00e9rebros estudados<\/figcaption><\/figure>\n\n\n\n<p>&#8220;Acredito que geramos novos neur\u00f4nios conforme precisamos aprender coisas novas. E isso ocorre a cada segundo de nossas vidas&#8221;, diz pesquisadora Maria Llorens-Martin \u00e0 BBC News.<\/p>\n\n\n\n<p>Mas a hist\u00f3ria foi diferente com o c\u00e9rebro de pacientes com Alzheimer. O n\u00famero de novos neur\u00f4nios formados caiu de 30 mil por mil\u00edmetro para 20 mil por mil\u00edmetro em pessoas em um est\u00e1gio inicial da doen\u00e7a, uma redu\u00e7\u00e3o de mais de 30%.<\/p>\n\n\n\n<p>&#8220;\u00c9 muito surpreendente, porque \u00e9 algo que ocorre muito cedo, mesmo antes do ac\u00famulo no c\u00e9rebro de placas da prote\u00edna beta-amiloide (uma caracter\u00edstica chave de Alzheimer) e, provavelmente, antes do surgimento de sintomas&#8221;, afirma Llorens-Martin.<\/p>\n\n\n\n<h2 class=\"wp-block-heading\">Um novo caminho para um tratamento para Alzheimer?<\/h2>\n\n\n\n<p>Ainda n\u00e3o existe cura para a doen\u00e7a de Alzheimer, mas o foco principal das pesquisas tem sido este ac\u00famulo de beta-amiloide no c\u00e9rebro.<\/p>\n\n\n\n<p>No entanto, estudos que usam esta abordagem para desenvolver formas de combater a doen\u00e7a falharam, e a nova pesquisa da Universidade de Madri sugere que pode haver algo ocorrendo ainda mais cedo no curso da doen\u00e7a.<\/p>\n\n\n\n<p>Llorens-Martin diz que entender o motivo da diminui\u00e7\u00e3o da neurog\u00eanese pode levar a novos tratamentos tanto para os efeitos comuns do envelhecimento quanto para Alzheimer.<\/p>\n\n\n\n<p>Ela afirma que o pr\u00f3ximo est\u00e1gio da pesquisa provavelmente exigir\u00e1 que sejam analisados os c\u00e9rebros de pessoas ainda em vida, para ver o que acontece com eles ao longo do tempo.<\/p>\n\n\n\n<p>&#8220;Ao mesmo tempo em que passamos a perder c\u00e9lulas nervosas no in\u00edcio da idade adulta, essa pesquisa mostra que podemos continuar a produzir novas c\u00e9lulas at\u00e9 os 90 anos&#8221;, diz Rosa Sancho, chefe de pesquisa da Alzheimer&#8217;s Research UK, organiza\u00e7\u00e3o sem fins lucrativos dedicada \u00e0 pesquisas sobre a doen\u00e7a.<\/p>\n\n\n\n<p>Ela explica que o Alzheimer acelera bastante a taxa de perda de c\u00e9lulas nervosas, e avalia que esta nova pesquisa fornece evid\u00eancias convincentes de que tamb\u00e9m limita a cria\u00e7\u00e3o de novas c\u00e9lulas.<\/p>\n\n\n\n<p>&#8220;Mais estudos ser\u00e3o necess\u00e1rios para confirmar estas conclus\u00f5es e explorar se isso pode abrir caminho para um teste capaz de sinalizar precocemente se uma pessoa tem um risco maior de ter esta doen\u00e7a.&#8221;<\/p>\n\n\n\n<p>BBC<\/p>\n","protected":false},"excerpt":{"rendered":"<p>O ser humano continua a produzir novas&nbsp;c\u00e9lulas cerebrais&nbsp;ao longo da vida, pelo menos at\u00e9 os 97 anos, de acordo com um&nbsp;novo estudo. Esta ideia tem sido amplamente debatida, e costumava-se pensar que nascemos com todas as c\u00e9lulas cerebrais que teremos em toda a vida. Os pesquisadores da Universidade de Madri, na Espanha, tamb\u00e9m demonstraram que [&hellip;]<\/p>\n","protected":false},"author":2,"featured_media":2559,"comment_status":"open","ping_status":"open","sticky":false,"template":"","format":"standard","meta":{"advanced_seo_description":"","jetpack_seo_html_title":"","jetpack_seo_noindex":false,"_jetpack_memberships_contains_paid_content":false,"footnotes":""},"categories":[45],"tags":[],"class_list":{"0":"post-2558","1":"post","2":"type-post","3":"status-publish","4":"format-standard","5":"has-post-thumbnail","7":"category-qualidade-de-vida"},"jetpack_featured_media_url":"https:\/\/www.paranapraia.com.br\/wp-content\/uploads\/2019\/03\/neu.jpg","jetpack_sharing_enabled":true,"_links":{"self":[{"href":"https:\/\/www.paranapraia.com.br\/index.php\/wp-json\/wp\/v2\/posts\/2558"}],"collection":[{"href":"https:\/\/www.paranapraia.com.br\/index.php\/wp-json\/wp\/v2\/posts"}],"about":[{"href":"https:\/\/www.paranapraia.com.br\/index.php\/wp-json\/wp\/v2\/types\/post"}],"author":[{"embeddable":true,"href":"https:\/\/www.paranapraia.com.br\/index.php\/wp-json\/wp\/v2\/users\/2"}],"replies":[{"embeddable":true,"href":"https:\/\/www.paranapraia.com.br\/index.php\/wp-json\/wp\/v2\/comments?post=2558"}],"version-history":[{"count":1,"href":"https:\/\/www.paranapraia.com.br\/index.php\/wp-json\/wp\/v2\/posts\/2558\/revisions"}],"predecessor-version":[{"id":2560,"href":"https:\/\/www.paranapraia.com.br\/index.php\/wp-json\/wp\/v2\/posts\/2558\/revisions\/2560"}],"wp:featuredmedia":[{"embeddable":true,"href":"https:\/\/www.paranapraia.com.br\/index.php\/wp-json\/wp\/v2\/media\/2559"}],"wp:attachment":[{"href":"https:\/\/www.paranapraia.com.br\/index.php\/wp-json\/wp\/v2\/media?parent=2558"}],"wp:term":[{"taxonomy":"category","embeddable":true,"href":"https:\/\/www.paranapraia.com.br\/index.php\/wp-json\/wp\/v2\/categories?post=2558"},{"taxonomy":"post_tag","embeddable":true,"href":"https:\/\/www.paranapraia.com.br\/index.php\/wp-json\/wp\/v2\/tags?post=2558"}],"curies":[{"name":"wp","href":"https:\/\/api.w.org\/{rel}","templated":true}]}}