{"id":25550,"date":"2020-01-29T07:50:55","date_gmt":"2020-01-29T10:50:55","guid":{"rendered":"https:\/\/www.paranapraia.com.br\/?p=25550"},"modified":"2020-01-29T07:50:58","modified_gmt":"2020-01-29T10:50:58","slug":"cerca-de-3-mil-estudantes-de-12-cursos-da-ufpr-tem-ate-sexta-feira-31-para-fazer-matricula-por-novo-site","status":"publish","type":"post","link":"https:\/\/www.paranapraia.com.br\/index.php\/2020\/01\/29\/cerca-de-3-mil-estudantes-de-12-cursos-da-ufpr-tem-ate-sexta-feira-31-para-fazer-matricula-por-novo-site\/","title":{"rendered":"Cerca de 3 mil estudantes de 12 cursos da UFPR t\u00eam at\u00e9 sexta-feira (31) para fazer matr\u00edcula por novo site"},"content":{"rendered":"\n<h4 class=\"wp-block-heading\">Alunos fazem parte de um projeto-piloto que testa novo sistema para gest\u00e3o acad\u00eamica. Universidade divulgou tutoriais para ensinar os estudantes a usarem o portal.<\/h4>\n\n\n\n<p>Cerca de 3 mil estudantes de 12 cursos da Universidade Federal do Paran\u00e1 (UFPR) tem at\u00e9 sexta-feira (31) para fazer matr\u00edcula para o novo ano acad\u00eamico.<\/p>\n\n\n\n<p>Estes alunos fazem parte de um projeto-piloto que testa um novo sistema integrado que substitui o Portal do Aluno, usado pelos outros estudantes da universidade.<\/p>\n\n\n\n<p>O teste vale para alunos que j\u00e1 est\u00e3o na universidade cursando alguma das gradua\u00e7\u00f5es ou cursos t\u00e9cnicos.<\/p>\n\n\n\n<p>Devem fazer matr\u00edcula no\u00a0Sistema de Gest\u00e3o Acad\u00eamica (Siga)\u00a0os alunos dos seguintes cursos:<\/p>\n\n\n\n<p><strong>Gradua\u00e7\u00e3o<\/strong><\/p>\n\n\n\n<ul class=\"wp-block-list\"><li>Engenharia Civil<\/li><li>Farm\u00e1cia<\/li><li>Tecnologia em Luteria<\/li><li>Tecnologia em Comunica\u00e7\u00e3o Institucional<\/li><li>Tecnologia em Secretariado<\/li><li>Tecnologia em An\u00e1lise e Desenvolvimento de Sistemas<\/li><li>Tecnologia em Gest\u00e3o da Qualidade<\/li><li>Tecnologia em Produ\u00e7\u00e3o C\u00eanica<\/li><li>Tecnologia em Gest\u00e3o P\u00fablica<\/li><li>Tecnologia em Neg\u00f3cio Imobili\u00e1rios<\/li><\/ul>\n\n\n\n<p><strong>T\u00e9cnicos<\/strong><\/p>\n\n\n\n<ul class=\"wp-block-list\"><li>T\u00e9cnico em Petr\u00f3leo e G\u00e1s<\/li><li>T\u00e9cnico em Agente Comunit\u00e1rio de Sa\u00fade<\/li><\/ul>\n\n\n\n<h2 class=\"wp-block-heading\">Tutorial<\/h2>\n\n\n\n<p>A Pr\u00f3-Reitoria de Gradua\u00e7\u00e3o e Educa\u00e7\u00e3o Profissional (Prograd) divulgou\u00a0v\u00eddeos que ensinam os estudantes a usarem o sistema.<\/p>\n\n\n\n<p>Segundo a universidade, a principal d\u00favida dos alunos tem sido em rela\u00e7\u00e3o \u00e0 senha de acesso ao novo sistema. Por isso, a UFPR recomenda que os estudantes atualizem os cadastros para facilitar a recupera\u00e7\u00e3o de senhas.<\/p>\n\n\n\n<p>G1PR<br><\/p>\n","protected":false},"excerpt":{"rendered":"<p>Alunos fazem parte de um projeto-piloto que testa novo sistema para gest\u00e3o acad\u00eamica. Universidade divulgou tutoriais para ensinar os estudantes a usarem o portal. Cerca de 3 mil estudantes de 12 cursos da Universidade Federal do Paran\u00e1 (UFPR) tem at\u00e9 sexta-feira (31) para fazer matr\u00edcula para o novo ano acad\u00eamico. Estes alunos fazem parte de [&hellip;]<\/p>\n","protected":false},"author":2,"featured_media":25551,"comment_status":"open","ping_status":"open","sticky":false,"template":"","format":"standard","meta":{"advanced_seo_description":"","jetpack_seo_html_title":"","jetpack_seo_noindex":false,"_jetpack_memberships_contains_paid_content":false,"footnotes":""},"categories":[40],"tags":[],"class_list":{"0":"post-25550","1":"post","2":"type-post","3":"status-publish","4":"format-standard","5":"has-post-thumbnail","7":"category-destaques"},"jetpack_featured_media_url":"https:\/\/www.paranapraia.com.br\/wp-content\/uploads\/2020\/01\/ufpr-.jpg","jetpack_sharing_enabled":true,"_links":{"self":[{"href":"https:\/\/www.paranapraia.com.br\/index.php\/wp-json\/wp\/v2\/posts\/25550"}],"collection":[{"href":"https:\/\/www.paranapraia.com.br\/index.php\/wp-json\/wp\/v2\/posts"}],"about":[{"href":"https:\/\/www.paranapraia.com.br\/index.php\/wp-json\/wp\/v2\/types\/post"}],"author":[{"embeddable":true,"href":"https:\/\/www.paranapraia.com.br\/index.php\/wp-json\/wp\/v2\/users\/2"}],"replies":[{"embeddable":true,"href":"https:\/\/www.paranapraia.com.br\/index.php\/wp-json\/wp\/v2\/comments?post=25550"}],"version-history":[{"count":1,"href":"https:\/\/www.paranapraia.com.br\/index.php\/wp-json\/wp\/v2\/posts\/25550\/revisions"}],"predecessor-version":[{"id":25552,"href":"https:\/\/www.paranapraia.com.br\/index.php\/wp-json\/wp\/v2\/posts\/25550\/revisions\/25552"}],"wp:featuredmedia":[{"embeddable":true,"href":"https:\/\/www.paranapraia.com.br\/index.php\/wp-json\/wp\/v2\/media\/25551"}],"wp:attachment":[{"href":"https:\/\/www.paranapraia.com.br\/index.php\/wp-json\/wp\/v2\/media?parent=25550"}],"wp:term":[{"taxonomy":"category","embeddable":true,"href":"https:\/\/www.paranapraia.com.br\/index.php\/wp-json\/wp\/v2\/categories?post=25550"},{"taxonomy":"post_tag","embeddable":true,"href":"https:\/\/www.paranapraia.com.br\/index.php\/wp-json\/wp\/v2\/tags?post=25550"}],"curies":[{"name":"wp","href":"https:\/\/api.w.org\/{rel}","templated":true}]}}