{"id":25547,"date":"2020-01-28T21:00:22","date_gmt":"2020-01-29T00:00:22","guid":{"rendered":"https:\/\/www.paranapraia.com.br\/?p=25547"},"modified":"2020-01-28T21:00:23","modified_gmt":"2020-01-29T00:00:23","slug":"sobe-para-sete-o-numero-de-obitos-por-dengue-no-parana-numero-de-casos-ultrapassa-10-mil","status":"publish","type":"post","link":"https:\/\/www.paranapraia.com.br\/index.php\/2020\/01\/28\/sobe-para-sete-o-numero-de-obitos-por-dengue-no-parana-numero-de-casos-ultrapassa-10-mil\/","title":{"rendered":"Sobe para sete o n\u00famero de \u00f3bitos por dengue no Paran\u00e1; n\u00famero de casos ultrapassa 10 mil"},"content":{"rendered":"\n<p>O boletim epidemiol\u00f3gico divulgado nesta ter\u00e7a-feira (28) pela Secretaria da Sa\u00fade do Paran\u00e1 registra sete \u00f3bitos por dengue no estado; s\u00e3o cinco mortes a mais que o informe da semana anterior.<\/p>\n\n\n\n<p>O n\u00famero de casos confirmados aumentou em 3.264: passou de 7.618 para 10.882 confirma\u00e7\u00f5es, um aumento de 42,82% em rela\u00e7\u00e3o \u00e0 semana anterior. S\u00e3o 198 munic\u00edpios com casos confirmados para a doen\u00e7a.<\/p>\n\n\n\n<p>34 munic\u00edpios se encontram em epidemia, 10 a mais que a rela\u00e7\u00e3o divulgada na semana passada. Os munic\u00edpios que passaram a constar desta lista s\u00e3o: Jesu\u00edtas, Barbosa Ferraz, Iretama, Alto Paran\u00e1, Paranapoema, Munhoz de Mello, Lupion\u00f3polis, Jacarezinho, Quatro Pontes e Godoy Moreira.<\/p>\n\n\n\n<p>26 cidades est\u00e3o em situa\u00e7\u00e3o de alerta; o n\u00famero tamb\u00e9m aumentou se comparado ao informe anterior, com 8 munic\u00edpios a mais. S\u00e3o eles: F\u00eanix, Alto Piquiri, Loanda, S\u00e3o Jo\u00e3o do Caiu\u00e1, S\u00e3o Pedro do Paran\u00e1, Santa In\u00eas e Santo In\u00e1cio.<\/p>\n\n\n\n<p>O Governo do Paran\u00e1 desenvolve neste momento v\u00e1rias a\u00e7\u00f5es de combate ao mosquito vetor em todas as regi\u00f5es, coordenadas pelo Comit\u00ea Intersetorial de Controle da Dengue. \u201cTodas as secretarias estaduais e \u00f3rg\u00e3os p\u00fablicos, al\u00e9m de entidades da sociedade civil organizada, participam das atividades de orienta\u00e7\u00e3o sobre as medidas que visam, principalmente a elimina\u00e7\u00e3o dos criadouros do Aedes aegypti nos domic\u00edlios e im\u00f3veis p\u00fablicos e comunit\u00e1rios\u201d, afirmou o secret\u00e1rio Beto Preto.<\/p>\n\n\n\n<p>\u00d3bitos &#8211; Os cinco novos \u00f3bitos confirmados nesta semana envolvem idosos, todos portadores de comorbidades, que s\u00e3o doen\u00e7as cr\u00f4nicas j\u00e1 instaladas e que associadas \u00e0 dengue agravam o estado de sa\u00fade dos pacientes, provocando o \u00f3bito.<\/p>\n\n\n\n<p>\u201cPor isso, reafirmamos os cuidados nesta faixa et\u00e1ria e nossa atua\u00e7\u00e3o, nesta semana, envolve exatamente a capacita\u00e7\u00e3o para manejo cl\u00ednico de pacientes. Nesta ter\u00e7a-feira seguimos programa\u00e7\u00e3o de orienta\u00e7\u00f5es a profissionais com foco assistencial, junto \u00e0 17\u00aa Regional de Londrina, com a participa\u00e7\u00e3o de cerca de 300 profissionais. Na quarta-feira, a mesma capacita\u00e7\u00e3o ser\u00e1 em Maring\u00e1; na quinta, em Paranava\u00ed, e na sexta, em Campo Mour\u00e3o; nosso objetivo \u00e9 que os profissionais das unidades de sa\u00fade estejam sempre preparados para o diagn\u00f3stico e atendimento \u00e1gil e eficaz\u201d, afirmou o secret\u00e1rio de estado da sa\u00fade Beto preto.<\/p>\n\n\n\n<p>De acordo com o boletim quatro mortes s\u00e3o casos aut\u00f3ctones, contra\u00eddos na cidade de resid\u00eancia: mais um caso foi em Nova Cantu; uma mulher de 71 anos, com pneumonia e artrite reumat\u00f3ide (\u00f3bito em 03\/01\/2020); um caso em Itaguaj\u00e9, uma mulher de 89 anos, portadora de hipertens\u00e3o arterial (\u00f3bito em 09\/01\/2020); um caso em Colorado; onde morreu um homem de 80 anos e cardiopata ( \u00f3bito em 26\/12\/2019), e um caso em Florest\u00f3polis, um homem de 72 anos (23\/12\/2019). Um outro caso importado foi confirmado: de uma moradora do munic\u00edpio de Rondon; a mulher de 66 anos, adquiriu dengue quando viajou para Itajubi, no interior paulista e era portadora de hipertens\u00e3o arterial e diabetes (\u00f3bito em 12\/01\/2020).<br><\/p>\n\n\n\n<p>Sesa<\/p>\n","protected":false},"excerpt":{"rendered":"<p>O boletim epidemiol\u00f3gico divulgado nesta ter\u00e7a-feira (28) pela Secretaria da Sa\u00fade do Paran\u00e1 registra sete \u00f3bitos por dengue no estado; s\u00e3o cinco mortes a mais que o informe da semana anterior. O n\u00famero de casos confirmados aumentou em 3.264: passou de 7.618 para 10.882 confirma\u00e7\u00f5es, um aumento de 42,82% em rela\u00e7\u00e3o \u00e0 semana anterior. S\u00e3o [&hellip;]<\/p>\n","protected":false},"author":2,"featured_media":25548,"comment_status":"open","ping_status":"open","sticky":false,"template":"","format":"standard","meta":{"advanced_seo_description":"","jetpack_seo_html_title":"","jetpack_seo_noindex":false,"_jetpack_memberships_contains_paid_content":false,"footnotes":""},"categories":[50],"tags":[],"class_list":{"0":"post-25547","1":"post","2":"type-post","3":"status-publish","4":"format-standard","5":"has-post-thumbnail","7":"category-saude"},"jetpack_featured_media_url":"https:\/\/www.paranapraia.com.br\/wp-content\/uploads\/2020\/01\/noticia_426703_img1_dengue-sesa.jpg","jetpack_sharing_enabled":true,"_links":{"self":[{"href":"https:\/\/www.paranapraia.com.br\/index.php\/wp-json\/wp\/v2\/posts\/25547"}],"collection":[{"href":"https:\/\/www.paranapraia.com.br\/index.php\/wp-json\/wp\/v2\/posts"}],"about":[{"href":"https:\/\/www.paranapraia.com.br\/index.php\/wp-json\/wp\/v2\/types\/post"}],"author":[{"embeddable":true,"href":"https:\/\/www.paranapraia.com.br\/index.php\/wp-json\/wp\/v2\/users\/2"}],"replies":[{"embeddable":true,"href":"https:\/\/www.paranapraia.com.br\/index.php\/wp-json\/wp\/v2\/comments?post=25547"}],"version-history":[{"count":1,"href":"https:\/\/www.paranapraia.com.br\/index.php\/wp-json\/wp\/v2\/posts\/25547\/revisions"}],"predecessor-version":[{"id":25549,"href":"https:\/\/www.paranapraia.com.br\/index.php\/wp-json\/wp\/v2\/posts\/25547\/revisions\/25549"}],"wp:featuredmedia":[{"embeddable":true,"href":"https:\/\/www.paranapraia.com.br\/index.php\/wp-json\/wp\/v2\/media\/25548"}],"wp:attachment":[{"href":"https:\/\/www.paranapraia.com.br\/index.php\/wp-json\/wp\/v2\/media?parent=25547"}],"wp:term":[{"taxonomy":"category","embeddable":true,"href":"https:\/\/www.paranapraia.com.br\/index.php\/wp-json\/wp\/v2\/categories?post=25547"},{"taxonomy":"post_tag","embeddable":true,"href":"https:\/\/www.paranapraia.com.br\/index.php\/wp-json\/wp\/v2\/tags?post=25547"}],"curies":[{"name":"wp","href":"https:\/\/api.w.org\/{rel}","templated":true}]}}