{"id":25544,"date":"2020-01-28T20:27:26","date_gmt":"2020-01-28T23:27:26","guid":{"rendered":"https:\/\/www.paranapraia.com.br\/?p=25544"},"modified":"2020-01-28T20:27:28","modified_gmt":"2020-01-28T23:27:28","slug":"provincia-de-hubei-na-china-confirma-mais-25-vitimas-e-o-total-de-mortes-por-coronavirus-sobe-para-131","status":"publish","type":"post","link":"https:\/\/www.paranapraia.com.br\/index.php\/2020\/01\/28\/provincia-de-hubei-na-china-confirma-mais-25-vitimas-e-o-total-de-mortes-por-coronavirus-sobe-para-131\/","title":{"rendered":"Prov\u00edncia de Hubei, na China, confirma mais 25 v\u00edtimas e o total de mortes por coronav\u00edrus sobe para 131"},"content":{"rendered":"\n<h4 class=\"wp-block-heading\">Hubei \u00e9 a prov\u00edncia onde fica a cidade de Wuhan. Novo balan\u00e7o aponta ainda a confirma\u00e7\u00e3o de mais 840 casos, elevando para cerca de 5,5 mil infectados.<\/h4>\n\n\n\n<p>A prov\u00edncia de Hubei, na China confirmou nesta ter\u00e7a-feira (28) mais 25 mortes, elevando para 131 o n\u00famero de mortes pelo novo\u00a0coronav\u00edrus, sendo 125 apenas na prov\u00edncia, que tem a cidade de Wuhan, considerada o epicentro da doen\u00e7a. Com o novo balan\u00e7o, mais 840 casos foram confirmados, elevando para 5.436 infectados somente na China. H\u00e1 ainda 59 casos confirmados em todo o mundo.<\/p>\n\n\n\n<h2 class=\"wp-block-heading\"><strong>Destaques do surto nesta ter\u00e7a:<\/strong><\/h2>\n\n\n\n<ul class=\"wp-block-list\"><li>Os\u00a0casos do novo coronav\u00edrus\u00a0j\u00e1\u00a0superaram os da epidemia de SARS-Cov\u00a0nas primeiras semanas de surto, de acordo com dados a Organiza\u00e7\u00e3o Mundial da Sa\u00fade (OMS).<\/li><li>Hong Kong\u00a0anunciou que vai\u00a0suspender o trens de longa dist\u00e2ncia\u00a0que ligam o territ\u00f3rio semiaut\u00f4nomo com a China continental a partir de quinta-feira (30) em uma tentativa de conter a expans\u00e3o do v\u00edrus.<\/li><li>O\u00a0embaixador do Brasil\u00a0em Pequim disse que a\u00a0China n\u00e3o autorizou voos\u00a0para a retirada de estrangeiros da prov\u00edncia de Hubei; ao menos 11 pa\u00edses t\u00eam planos para enviar avi\u00f5es.<\/li><li>O\u00a0Minist\u00e9rio da Sa\u00fade\u00a0investiga\u00a0tr\u00eas casos suspeito de coronav\u00edrus\u00a0no Brasil.<\/li><li>Autoridades de sa\u00fade da\u00a0Alemanha\u00a0informaram que o paciente diagnosticado na segunda-feira (27) foi infectado em solo alem\u00e3o; \u00e9 o\u00a0primeiro caso de transmiss\u00e3o aut\u00f3ctone\u00a0da Europa.<\/li><li>O\u00a0Jap\u00e3o\u00a0tamb\u00e9m confirmou a\u00a0transmiss\u00e3o interna do v\u00edrus\u00a0no pa\u00eds: um motorista de \u00f4nibus teria transportado turistas de Wuhan e se infectou na cidade de Nata.<\/li><\/ul>\n\n\n\n<h2 class=\"wp-block-heading\">Investiga\u00e7\u00f5es no Brasil<\/h2>\n\n\n\n<p>Nesta ter\u00e7a-feira (28), o Minist\u00e9rio da Sa\u00fade anunciou dois novos casos suspeitos do coronav\u00edrus 2019-nCoV, um em S\u00e3o Leopoldo (RS) e outro em Curitiba (PR). Mais cedo, o governo havia noticiado a investiga\u00e7\u00e3o de um caso em Belo Horizonte (MG). N\u00e3o h\u00e1 casos confirmados no Brasil.<\/p>\n\n\n\n<p>Com esses novos casos em investiga\u00e7\u00e3o, o minist\u00e9rio elevou a classifica\u00e7\u00e3o de risco do Brasil para o n\u00edvel 2, que significa &#8220;perigo iminente&#8221;. A mudan\u00e7a de patamar faz parte de um protocolo envolvendo a escala, que vai de 1 a 3 &#8211; o n\u00edvel mais elevado s\u00f3 \u00e9 ativado quando s\u00e3o confirmados casos transmitidos em solo nacional.<\/p>\n\n\n\n<ul class=\"wp-block-list\"><li>N\u00edvel 1 &#8211; alerta<\/li><li>N\u00edvel 2 &#8211; perigo iminente<\/li><li>N\u00edvel 3 &#8211; emerg\u00eancia em sa\u00fade publica<\/li><\/ul>\n\n\n\n<p>Al\u00e9m disso, orienta que brasileiros\u00a0evitem viajar \u00e0 China\u00a0ou embarquem somente em casos de extrema necessidade.<br> G1<\/p>\n","protected":false},"excerpt":{"rendered":"<p>Hubei \u00e9 a prov\u00edncia onde fica a cidade de Wuhan. Novo balan\u00e7o aponta ainda a confirma\u00e7\u00e3o de mais 840 casos, elevando para cerca de 5,5 mil infectados. A prov\u00edncia de Hubei, na China confirmou nesta ter\u00e7a-feira (28) mais 25 mortes, elevando para 131 o n\u00famero de mortes pelo novo\u00a0coronav\u00edrus, sendo 125 apenas na prov\u00edncia, que [&hellip;]<\/p>\n","protected":false},"author":2,"featured_media":25545,"comment_status":"open","ping_status":"open","sticky":false,"template":"","format":"standard","meta":{"advanced_seo_description":"","jetpack_seo_html_title":"","jetpack_seo_noindex":false,"_jetpack_memberships_contains_paid_content":false,"footnotes":""},"categories":[40],"tags":[],"class_list":{"0":"post-25544","1":"post","2":"type-post","3":"status-publish","4":"format-standard","5":"has-post-thumbnail","7":"category-destaques"},"jetpack_featured_media_url":"https:\/\/www.paranapraia.com.br\/wp-content\/uploads\/2020\/01\/000_1o590j-8956645.jpg","jetpack_sharing_enabled":true,"_links":{"self":[{"href":"https:\/\/www.paranapraia.com.br\/index.php\/wp-json\/wp\/v2\/posts\/25544"}],"collection":[{"href":"https:\/\/www.paranapraia.com.br\/index.php\/wp-json\/wp\/v2\/posts"}],"about":[{"href":"https:\/\/www.paranapraia.com.br\/index.php\/wp-json\/wp\/v2\/types\/post"}],"author":[{"embeddable":true,"href":"https:\/\/www.paranapraia.com.br\/index.php\/wp-json\/wp\/v2\/users\/2"}],"replies":[{"embeddable":true,"href":"https:\/\/www.paranapraia.com.br\/index.php\/wp-json\/wp\/v2\/comments?post=25544"}],"version-history":[{"count":1,"href":"https:\/\/www.paranapraia.com.br\/index.php\/wp-json\/wp\/v2\/posts\/25544\/revisions"}],"predecessor-version":[{"id":25546,"href":"https:\/\/www.paranapraia.com.br\/index.php\/wp-json\/wp\/v2\/posts\/25544\/revisions\/25546"}],"wp:featuredmedia":[{"embeddable":true,"href":"https:\/\/www.paranapraia.com.br\/index.php\/wp-json\/wp\/v2\/media\/25545"}],"wp:attachment":[{"href":"https:\/\/www.paranapraia.com.br\/index.php\/wp-json\/wp\/v2\/media?parent=25544"}],"wp:term":[{"taxonomy":"category","embeddable":true,"href":"https:\/\/www.paranapraia.com.br\/index.php\/wp-json\/wp\/v2\/categories?post=25544"},{"taxonomy":"post_tag","embeddable":true,"href":"https:\/\/www.paranapraia.com.br\/index.php\/wp-json\/wp\/v2\/tags?post=25544"}],"curies":[{"name":"wp","href":"https:\/\/api.w.org\/{rel}","templated":true}]}}