{"id":25540,"date":"2020-01-28T20:20:03","date_gmt":"2020-01-28T23:20:03","guid":{"rendered":"https:\/\/www.paranapraia.com.br\/?p=25540"},"modified":"2020-01-28T20:20:05","modified_gmt":"2020-01-28T23:20:05","slug":"secretaria-de-saude-confirma-primeiro-caso-suspeito-de-coronavirus-no-parana","status":"publish","type":"post","link":"https:\/\/www.paranapraia.com.br\/index.php\/2020\/01\/28\/secretaria-de-saude-confirma-primeiro-caso-suspeito-de-coronavirus-no-parana\/","title":{"rendered":"Secretaria de Sa\u00fade confirma primeiro caso suspeito de coronav\u00edrus no Paran\u00e1"},"content":{"rendered":"\n<h4 class=\"wp-block-heading\">Minist\u00e9rio da Sa\u00fade atualizou, nesta ter\u00e7a-feira (28), os registros para uma suspeita em Curitiba e outros dois casos suspeitos no pa\u00eds, em Belo Horizonte e em Porto Alegre.<\/h4>\n\n\n\n<p>A Secretaria Estadual de Sa\u00fade do Paran\u00e1 (Sesa) confirmou, na noite desta ter\u00e7a-feira (28), o primeiro caso suspeito do coronav\u00edrus 2019-nCoV, no Paran\u00e1. A suspeita foi\u00a0anunciada mais cedo, pelo Minist\u00e9rio da Sa\u00fade.<\/p>\n\n\n\n<p>Segundo o minist\u00e9rio, um paciente de Curitiba, uma estudante de Belo Horizonte, em Minas Gerais, e outro paciente, em Porto Alegre, no Rio Grande do Sul, se enquadram na defini\u00e7\u00e3o de quadro suspeito estabelecida pela Organiza\u00e7\u00e3o Mundial da Sa\u00fade (OMS).<\/p>\n\n\n\n<p>Os pacientes, conforme a pasta, apresentaram febre, pelo menos um sinal ou sintoma respirat\u00f3rio e poss\u00edvel contato com a doen\u00e7a nos \u00faltimos 14 dias.<\/p>\n\n\n\n<p>A Sesa confirmou a suspeita, mas n\u00e3o divulgou detalhes sobre o caso de Curitiba.<\/p>\n\n\n\n<h2 class=\"wp-block-heading\">Nota do hospital<\/h2>\n\n\n\n<p>O paciente com suspeita da doen\u00e7a, em Curitiba, est\u00e1 internado no Hospital Santa Cruz. Ap\u00f3s a divulga\u00e7\u00e3o do caso, o hospital informou que &#8220;o paciente est\u00e1 em observa\u00e7\u00e3o e isolado. A equipe m\u00e9dica est\u00e1 tomando todos os cuidados indicados pelo protocolo do Minist\u00e9rio da Sa\u00fade&#8221;.<\/p>\n\n\n\n<p>O hospital ressaltou ainda que, &#8220;at\u00e9 o momento n\u00e3o h\u00e1 confirma\u00e7\u00e3o da doen\u00e7a&#8221;.<\/p>\n\n\n\n<figure class=\"wp-block-image\"><img decoding=\"async\" src=\"https:\/\/s2.glbimg.com\/gN1p46vDKdmNXHdfbO_waZ25NbM=\/0x0:651x1063\/984x0\/smart\/filters:strip_icc()\/i.s3.glbimg.com\/v1\/AUTH_59edd422c0c84a879bd37670ae4f538a\/internal_photos\/bs\/2020\/Y\/X\/tWTCIZS1aUGAfuLLLbEg\/contagio-e-sintomas-do-coronavirus-v3-01.jpg\" alt=\"Ciclo do novo coronav\u00edrus - transmiss\u00e3o e sintomas \u2014 Foto: Aparecido Gon\u00e7alves\/Arte G1\"\/><\/figure>\n\n\n\n<p>Ciclo do novo coronav\u00edrus &#8211; transmiss\u00e3o e sintomas \u2014 Foto: Aparecido Gon\u00e7alves\/Arte G1<\/p>\n\n\n\n<h2 class=\"wp-block-heading\">Classifica\u00e7\u00e3o de risco<\/h2>\n\n\n\n<p>Com a divulga\u00e7\u00e3o dos novos casos suspeitos, o Minist\u00e9rio da Sa\u00fade elevou a classifica\u00e7\u00e3o de risco do Brasil para o n\u00edvel 2, que significa &#8220;perigo iminente&#8221; &#8211; at\u00e9 segunda-feira (27) o pa\u00eds estava em n\u00edvel 1 de alerta.<\/p>\n\n\n\n<p>A mudan\u00e7a de patamar faz parte de um protocolo envolvendo a escala, que vai de 1 a 3 &#8211; o n\u00edvel mais elevado s\u00f3 \u00e9 ativado quando s\u00e3o confirmados casos transmitidos em solo nacional.<\/p>\n\n\n\n<ul class=\"wp-block-list\"><li>Nivel 1 &#8211; alerta<\/li><li>N\u00edvel 2 &#8211; perigo iminente<\/li><li>N\u00edvel 3 &#8211; emerg\u00eancia em sa\u00fade publica<\/li><\/ul>\n\n\n\n<p>Al\u00e9m disso, orienta que brasileiros evitem viajar \u00e0 China ou embarquem somente em casos de extrema necessidade.<\/p>\n\n\n\n<p>G1PR<\/p>\n","protected":false},"excerpt":{"rendered":"<p>Minist\u00e9rio da Sa\u00fade atualizou, nesta ter\u00e7a-feira (28), os registros para uma suspeita em Curitiba e outros dois casos suspeitos no pa\u00eds, em Belo Horizonte e em Porto Alegre. A Secretaria Estadual de Sa\u00fade do Paran\u00e1 (Sesa) confirmou, na noite desta ter\u00e7a-feira (28), o primeiro caso suspeito do coronav\u00edrus 2019-nCoV, no Paran\u00e1. A suspeita foi\u00a0anunciada mais [&hellip;]<\/p>\n","protected":false},"author":2,"featured_media":25542,"comment_status":"open","ping_status":"open","sticky":false,"template":"","format":"standard","meta":{"advanced_seo_description":"","jetpack_seo_html_title":"","jetpack_seo_noindex":false,"_jetpack_memberships_contains_paid_content":false,"footnotes":""},"categories":[50],"tags":[],"class_list":{"0":"post-25540","1":"post","2":"type-post","3":"status-publish","4":"format-standard","5":"has-post-thumbnail","7":"category-saude"},"jetpack_featured_media_url":"https:\/\/www.paranapraia.com.br\/wp-content\/uploads\/2020\/01\/6t452jxgj5fcjcs8wgrzfvfmh.jpg","jetpack_sharing_enabled":true,"_links":{"self":[{"href":"https:\/\/www.paranapraia.com.br\/index.php\/wp-json\/wp\/v2\/posts\/25540"}],"collection":[{"href":"https:\/\/www.paranapraia.com.br\/index.php\/wp-json\/wp\/v2\/posts"}],"about":[{"href":"https:\/\/www.paranapraia.com.br\/index.php\/wp-json\/wp\/v2\/types\/post"}],"author":[{"embeddable":true,"href":"https:\/\/www.paranapraia.com.br\/index.php\/wp-json\/wp\/v2\/users\/2"}],"replies":[{"embeddable":true,"href":"https:\/\/www.paranapraia.com.br\/index.php\/wp-json\/wp\/v2\/comments?post=25540"}],"version-history":[{"count":1,"href":"https:\/\/www.paranapraia.com.br\/index.php\/wp-json\/wp\/v2\/posts\/25540\/revisions"}],"predecessor-version":[{"id":25543,"href":"https:\/\/www.paranapraia.com.br\/index.php\/wp-json\/wp\/v2\/posts\/25540\/revisions\/25543"}],"wp:featuredmedia":[{"embeddable":true,"href":"https:\/\/www.paranapraia.com.br\/index.php\/wp-json\/wp\/v2\/media\/25542"}],"wp:attachment":[{"href":"https:\/\/www.paranapraia.com.br\/index.php\/wp-json\/wp\/v2\/media?parent=25540"}],"wp:term":[{"taxonomy":"category","embeddable":true,"href":"https:\/\/www.paranapraia.com.br\/index.php\/wp-json\/wp\/v2\/categories?post=25540"},{"taxonomy":"post_tag","embeddable":true,"href":"https:\/\/www.paranapraia.com.br\/index.php\/wp-json\/wp\/v2\/tags?post=25540"}],"curies":[{"name":"wp","href":"https:\/\/api.w.org\/{rel}","templated":true}]}}