{"id":25534,"date":"2020-01-28T15:28:22","date_gmt":"2020-01-28T18:28:22","guid":{"rendered":"https:\/\/www.paranapraia.com.br\/?p=25534"},"modified":"2020-01-28T15:28:29","modified_gmt":"2020-01-28T18:28:29","slug":"estado-promove-ouvidorias-para-aprimorar-processos-na-educacao","status":"publish","type":"post","link":"https:\/\/www.paranapraia.com.br\/index.php\/2020\/01\/28\/estado-promove-ouvidorias-para-aprimorar-processos-na-educacao\/","title":{"rendered":"Estado promove ouvidorias para aprimorar processos na Educa\u00e7\u00e3o"},"content":{"rendered":"\n<p>Mais de 800 diretores escolares participam nesta ter\u00e7a-feira (28), em Curitiba, de ouvidorias promovidas pela Secretaria de Estado da Educa\u00e7\u00e3o e do Esporte durante o Semin\u00e1rio Foco na Aprendizagem, evento formativo que vai at\u00e9 esta sexta-feira (3).<\/p>\n\n\n\n<p>As ouvidorias, divididas por \u00e1reas (Recursos Humanos, Planejamento, Infraestrutura etc.), foram criadas para possibilitar aos diretores um momento adequado para o registro de sugest\u00f5es e o esclarecimento de d\u00favidas a respeito de programas e processos da secretaria.<\/p>\n\n\n\n<p>A partir desse di\u00e1logo, a secretaria estuda formas de aprimorar e inovar processos que impactam diretamente o cotidiano dos profissionais da educa\u00e7\u00e3o. Os resultados podem ser observados na pr\u00e1tica: foi gra\u00e7as \u00e0s ouvidorias promovidas em 2019 que a pasta conseguiu, por exemplo, implementar mudan\u00e7as na distribui\u00e7\u00e3o de aulas e assim contornar um problema antigo, o do \u201cprofessor pula-pula\u201d, quando o docente tinha que dar aula em muitas escolas. Em 2020, 70% dos docentes dar\u00e3o todas as suas aulas em apenas uma institui\u00e7\u00e3o.<\/p>\n\n\n\n<p>E h\u00e1 outras conquistas alcan\u00e7adas colaborativamente. \u201cAs ouvidorias s\u00e3o um momento muito importante. Gra\u00e7as a elas e aos diretores que participaram, conseguimos mudar muita coisa na rede estadual\u201d, disse o secret\u00e1rio Renato Feder. Segundo ele, o Mais Aprendizagem veio da ouvidoria, foi um pedido dos professores e diretores. \u201cO programa Educa Juntos tamb\u00e9m foi pensado a partir das sugest\u00f5es da rede, para estarmos mais pr\u00f3ximos dos munic\u00edpios\u201d, acrescentou.<\/p>\n\n\n\n<p>O programa Mais Aprendizagem oferece atividades no contraturno, possibilitando ao estudante mais tempo na escola e refor\u00e7o na aprendizagem. Ampliado em 2020, vai beneficiar alunos de 1,3 mil escolas estaduais. J\u00e1 o Educa Juntos \u00e9 um programa que prev\u00ea a colabora\u00e7\u00e3o entre Estado e munic\u00edpios em prol da educa\u00e7\u00e3o. Entre as principais a\u00e7\u00f5es do Educa Juntos est\u00e3o a disponibiliza\u00e7\u00e3o gratuita para os munic\u00edpios de instrumentos de avalia\u00e7\u00e3o, como Prova Paran\u00e1 e Avalia\u00e7\u00e3o de Flu\u00eancia.<\/p>\n\n\n\n<p>MINHA ESCOLA SEMPRE NOVA &#8211; Os diretores escolares presentes no semin\u00e1rio receberam, ainda, o repasse de uma cota extra do Fundo Rotativo para as escolas, no \u00e2mbito da a\u00e7\u00e3o Minha Escola Sempre Nova.<\/p>\n\n\n\n<p>O recurso \u00e9 destinado para pequenos reparos nas escolas e aquisi\u00e7\u00e3o de materiais. Ao todo, o Minha Escola Sempre Nova ir\u00e1 repassar R$ 20 milh\u00f5es, divididos entre todas as 2.126 escolas estaduais.<\/p>\n\n\n\n<p>Presente na assinatura dos pagamentos, o vice-governador Darci Piana destacou a preocupa\u00e7\u00e3o do Governo do Paran\u00e1 em manter a qualidade da infraestrutura escolar e investir na manuten\u00e7\u00e3o adequada das institui\u00e7\u00f5es. \u201cNo ano passado conseguimos entregar mais de 200 reformas e para esse ano temos quase 300 reformas em vista, para deixar nossas escolas em condi\u00e7\u00e3o de garantir um bom ensino\u201d, disse.<\/p>\n\n\n\n<p>Segundo Piana, a destina\u00e7\u00e3o dos R$ 20 milh\u00f5es para a cota extra do Fundo Rotativo demonstra o compromisso do Governo do Paran\u00e1 com a inova\u00e7\u00e3o e a qualidade da Educa\u00e7\u00e3o.<\/p>\n\n\n\n<p>AEN<br><\/p>\n","protected":false},"excerpt":{"rendered":"<p>Mais de 800 diretores escolares participam nesta ter\u00e7a-feira (28), em Curitiba, de ouvidorias promovidas pela Secretaria de Estado da Educa\u00e7\u00e3o e do Esporte durante o Semin\u00e1rio Foco na Aprendizagem, evento formativo que vai at\u00e9 esta sexta-feira (3). As ouvidorias, divididas por \u00e1reas (Recursos Humanos, Planejamento, Infraestrutura etc.), foram criadas para possibilitar aos diretores um momento [&hellip;]<\/p>\n","protected":false},"author":2,"featured_media":25535,"comment_status":"open","ping_status":"open","sticky":false,"template":"","format":"standard","meta":{"advanced_seo_description":"","jetpack_seo_html_title":"","jetpack_seo_noindex":false,"_jetpack_memberships_contains_paid_content":false,"footnotes":""},"categories":[40],"tags":[],"class_list":{"0":"post-25534","1":"post","2":"type-post","3":"status-publish","4":"format-standard","5":"has-post-thumbnail","7":"category-destaques"},"jetpack_featured_media_url":"https:\/\/www.paranapraia.com.br\/wp-content\/uploads\/2020\/01\/IMG_0122_1.jpg","jetpack_sharing_enabled":true,"_links":{"self":[{"href":"https:\/\/www.paranapraia.com.br\/index.php\/wp-json\/wp\/v2\/posts\/25534"}],"collection":[{"href":"https:\/\/www.paranapraia.com.br\/index.php\/wp-json\/wp\/v2\/posts"}],"about":[{"href":"https:\/\/www.paranapraia.com.br\/index.php\/wp-json\/wp\/v2\/types\/post"}],"author":[{"embeddable":true,"href":"https:\/\/www.paranapraia.com.br\/index.php\/wp-json\/wp\/v2\/users\/2"}],"replies":[{"embeddable":true,"href":"https:\/\/www.paranapraia.com.br\/index.php\/wp-json\/wp\/v2\/comments?post=25534"}],"version-history":[{"count":1,"href":"https:\/\/www.paranapraia.com.br\/index.php\/wp-json\/wp\/v2\/posts\/25534\/revisions"}],"predecessor-version":[{"id":25536,"href":"https:\/\/www.paranapraia.com.br\/index.php\/wp-json\/wp\/v2\/posts\/25534\/revisions\/25536"}],"wp:featuredmedia":[{"embeddable":true,"href":"https:\/\/www.paranapraia.com.br\/index.php\/wp-json\/wp\/v2\/media\/25535"}],"wp:attachment":[{"href":"https:\/\/www.paranapraia.com.br\/index.php\/wp-json\/wp\/v2\/media?parent=25534"}],"wp:term":[{"taxonomy":"category","embeddable":true,"href":"https:\/\/www.paranapraia.com.br\/index.php\/wp-json\/wp\/v2\/categories?post=25534"},{"taxonomy":"post_tag","embeddable":true,"href":"https:\/\/www.paranapraia.com.br\/index.php\/wp-json\/wp\/v2\/tags?post=25534"}],"curies":[{"name":"wp","href":"https:\/\/api.w.org\/{rel}","templated":true}]}}