{"id":25470,"date":"2020-01-27T19:30:37","date_gmt":"2020-01-27T22:30:37","guid":{"rendered":"https:\/\/www.paranapraia.com.br\/?p=25470"},"modified":"2020-01-27T19:30:42","modified_gmt":"2020-01-27T22:30:42","slug":"adenocarcinoma-pulmonar-entenda-o-cancer-que-afeta-ana-maria-braga","status":"publish","type":"post","link":"https:\/\/www.paranapraia.com.br\/index.php\/2020\/01\/27\/adenocarcinoma-pulmonar-entenda-o-cancer-que-afeta-ana-maria-braga\/","title":{"rendered":"Adenocarcinoma pulmonar: entenda o c\u00e2ncer que afeta Ana Maria Braga"},"content":{"rendered":"\n<h4 class=\"wp-block-heading\">Apresentadora afirmou nesta segunda que n\u00e3o \u00e9 poss\u00edvel fazer cirurgia para retirar o tumor; ela j\u00e1 est\u00e1 em tratamento de quimioterapia e imunoterapia<\/h4>\n\n\n\n<p>A apresentadora Ana Maria Braga, de 70 anos, iniciou na semana passada o\u00a0tratamento contra um c\u00e2ncer de pulm\u00e3o\u00a0do tipo adenocarcinoma. Nesta segunda-feira (27), ela contou ao vivo detalhes da doen\u00e7a.<\/p>\n\n\n\n<p>\u00c9 o terceiro tumor de pulm\u00e3o que ela tem em menos de cinco anos. A apresentadora tamb\u00e9m teve c\u00e2ncer de pele, em 1991, e colorretal, em 2001.\u00a0<\/p>\n\n\n\n<p>&#8220;Infelizmente, fui diagnosticada com outro c\u00e2ncer de pulm\u00e3o. \u00c9 um adenocarcinoma, o nome cient\u00edfico dele, semelhante aos outros, mas que \u00e9 mais agressivo e n\u00e3o \u00e9 pass\u00edvel de cirurgia ou de radioterapia.&#8221;<\/p>\n\n\n\n<p>&#8220;O adenocarcinoma de pulm\u00e3o \u00e9 um subtipo de tumor bastante comum hoje em dia. O fato de ser um adenocarcinoma por si s\u00f3 n\u00e3o o torna mais agressivo. O grande problema, como em qualquer outro c\u00e2ncer, \u00e9 a extens\u00e3o da doen\u00e7a. \u00c0s vezes, a les\u00e3o n\u00e3o \u00e9 t\u00e3o grande assim, mas se est\u00e1 em alguns pontos que inviabilizam uma cirurgia&#8221;, explica&nbsp;Carlos Henrique Teixeira, coordenador da oncologia tor\u00e1cica do Centro Especializado em Oncologia do Hospital Alem\u00e3o Oswaldo Cruz.<\/p>\n\n\n\n<p>A cirurgia, chamada de lobectomia, \u00e9 um tratamento local que consiste na remo\u00e7\u00e3o da les\u00e3o cancer\u00edgena. Quando n\u00e3o \u00e9 poss\u00edvel realizar esse procedimento, os m\u00e9dicos optam pelo tratamento medicamentoso.<\/p>\n\n\n\n<p>A retirada total do pulm\u00e3o (pneumectomia) ocorre em pouqu\u00edssimos casos, pois prejudica muito a capacidade respirat\u00f3ria do paciente, afirma Teixeira.&nbsp;<\/p>\n\n\n\n<p>Al\u00e9m da quimioterapia, Ana Maria passar\u00e1 por sess\u00f5es de imunoterapia, tratamento relativamente novo e que tem apresentado bons resultados.<\/p>\n\n\n\n<p>&#8220;A quimioterapia tem uma a\u00e7\u00e3o mais gen\u00e9rica, mata a c\u00e9lula que est\u00e1 se multiplicando r\u00e1pido. A gente sabe que o tumor tem algumas prote\u00ednas que o fazem ficar invis\u00edvel para sistema imunol\u00f3gico. Com a imunoterapia, o medicamento se liga a essas prote\u00ednas e o tumor fica vis\u00edvel para o sistema imunol\u00f3gico&#8221;, acrescenta a m\u00e9dica, Milena Mak, oncologista da Rede D&#8217;Or e do grupo de oncologia tor\u00e1cica e c\u00e2ncer de cabe\u00e7a e pesco\u00e7o do Icesp (Instituto do C\u00e2ncer do Estado de S\u00e3o Paulo).<\/p>\n\n\n\n<p>Teixeira destaca que o tratamento contra o c\u00e2ncer de pulm\u00e3o evoluiu significativamente na \u00faltima d\u00e9cada.<\/p>\n\n\n\n<p>&#8220;A gente, em geral, dizia para esses pacientes que tentar\u00edamos um controle, por um tempo dif\u00edcil de determinar, mas que a cura era um processo mais dif\u00edcil de se atingir. Agora, com a imunoterapia, alguns pacientes t\u00eam conseguido um controle de longo prazo. Como \u00e9 um tratamento recente, em alguns at\u00e9 desaparece a doen\u00e7a e come\u00e7amos a pensar sim na possibilidade de cura, ainda remota, mas cada vez mais vislumbrada.&#8221;<\/p>\n\n\n\n<p>Ana Maria contou em entrevistas nos \u00faltimos anos sobre a\u00a0luta contra o tabagismo.<\/p>\n\n\n\n<p>&#8220;Travo uma luta para deixar o cigarro. \u00c9 depend\u00eancia qu\u00edmica igual \u00e0 do crack. Penso em me internar para me livrar do v\u00edcio&#8221;, afirmou em 2017 \u00e0 revista&nbsp;<em>Veja Rio<\/em>.<\/p>\n\n\n\n<p>Os m\u00e9dicos ressaltam o fato de em 90% dos diagn\u00f3sticos de c\u00e2ncer de pulm\u00e3o o paciente fuma. C\u00e2nceres de traqueia, br\u00f4nquios e pulm\u00f5es s\u00e3o os que mais matam no Brasil \u2014 cerca de 28 mil \u00f3bitos todos os anos. Em 2018, foram diagnosticados 31,2 mil novos casos desses tipos de tumores.<\/p>\n\n\n\n<p>R7<br><\/p>\n","protected":false},"excerpt":{"rendered":"<p>Apresentadora afirmou nesta segunda que n\u00e3o \u00e9 poss\u00edvel fazer cirurgia para retirar o tumor; ela j\u00e1 est\u00e1 em tratamento de quimioterapia e imunoterapia A apresentadora Ana Maria Braga, de 70 anos, iniciou na semana passada o\u00a0tratamento contra um c\u00e2ncer de pulm\u00e3o\u00a0do tipo adenocarcinoma. Nesta segunda-feira (27), ela contou ao vivo detalhes da doen\u00e7a. \u00c9 o [&hellip;]<\/p>\n","protected":false},"author":2,"featured_media":25471,"comment_status":"open","ping_status":"open","sticky":false,"template":"","format":"standard","meta":{"advanced_seo_description":"","jetpack_seo_html_title":"","jetpack_seo_noindex":false,"_jetpack_memberships_contains_paid_content":false,"footnotes":""},"categories":[50],"tags":[],"class_list":{"0":"post-25470","1":"post","2":"type-post","3":"status-publish","4":"format-standard","5":"has-post-thumbnail","7":"category-saude"},"jetpack_featured_media_url":"https:\/\/www.paranapraia.com.br\/wp-content\/uploads\/2020\/01\/ana-maria-braga-27012020150833164.jpeg","jetpack_sharing_enabled":true,"_links":{"self":[{"href":"https:\/\/www.paranapraia.com.br\/index.php\/wp-json\/wp\/v2\/posts\/25470"}],"collection":[{"href":"https:\/\/www.paranapraia.com.br\/index.php\/wp-json\/wp\/v2\/posts"}],"about":[{"href":"https:\/\/www.paranapraia.com.br\/index.php\/wp-json\/wp\/v2\/types\/post"}],"author":[{"embeddable":true,"href":"https:\/\/www.paranapraia.com.br\/index.php\/wp-json\/wp\/v2\/users\/2"}],"replies":[{"embeddable":true,"href":"https:\/\/www.paranapraia.com.br\/index.php\/wp-json\/wp\/v2\/comments?post=25470"}],"version-history":[{"count":1,"href":"https:\/\/www.paranapraia.com.br\/index.php\/wp-json\/wp\/v2\/posts\/25470\/revisions"}],"predecessor-version":[{"id":25472,"href":"https:\/\/www.paranapraia.com.br\/index.php\/wp-json\/wp\/v2\/posts\/25470\/revisions\/25472"}],"wp:featuredmedia":[{"embeddable":true,"href":"https:\/\/www.paranapraia.com.br\/index.php\/wp-json\/wp\/v2\/media\/25471"}],"wp:attachment":[{"href":"https:\/\/www.paranapraia.com.br\/index.php\/wp-json\/wp\/v2\/media?parent=25470"}],"wp:term":[{"taxonomy":"category","embeddable":true,"href":"https:\/\/www.paranapraia.com.br\/index.php\/wp-json\/wp\/v2\/categories?post=25470"},{"taxonomy":"post_tag","embeddable":true,"href":"https:\/\/www.paranapraia.com.br\/index.php\/wp-json\/wp\/v2\/tags?post=25470"}],"curies":[{"name":"wp","href":"https:\/\/api.w.org\/{rel}","templated":true}]}}