{"id":25369,"date":"2020-01-27T11:52:22","date_gmt":"2020-01-27T14:52:22","guid":{"rendered":"https:\/\/www.paranapraia.com.br\/?p=25369"},"modified":"2020-01-27T11:52:23","modified_gmt":"2020-01-27T14:52:23","slug":"post-de-passageira-de-onibus-em-curitiba-viraliza-com-atitude-de-motorista-veja-qual-foi","status":"publish","type":"post","link":"https:\/\/www.paranapraia.com.br\/index.php\/2020\/01\/27\/post-de-passageira-de-onibus-em-curitiba-viraliza-com-atitude-de-motorista-veja-qual-foi\/","title":{"rendered":"Post de passageira de \u00f4nibus em Curitiba viraliza com atitude de motorista. Veja qual foi"},"content":{"rendered":"\n<p>Uma postagem na rede social facebook, do dia 23 de janeiro, est\u00e1 dando o que falar. Nela a usu\u00e1ria do transporte p\u00fablico de Curitiba, Babi Andrade, compartilha uma foto com a motorista de \u00f4nibus Salete, da linha Campo Comprido\/Pinhais. Na postagem, Babi narra a atitude da motorista que parou o carro e disse que n\u00e3o arrancaria antes que todos os idosos, gr\u00e1vidas e mulheres com crian\u00e7a de colo estivessem sentados.<\/p>\n\n\n\n<p>Para que isso ocorresse, as pessoas que estavam ocupando os assentos, sem dar a m\u00ednima para quem n\u00e3o tinha sentado, precisaram ceder.  Babi narra que algumas pessoas atenderam o pedido da motorista cedendo os bancos que por direito seriam dos passageiros tidos, por lei, como priorit\u00e1rios, mas mesmo assim ainda alguns permaneciam em p\u00e9. A motorista repetiu o que disse e somente depois que todos os priorit\u00e1rios estavam sentados, ligou o carro e prosseguiu. <\/p>\n\n\n\n<p>Uma pessoa que teve que ceder o banco, teria reclamado, mas, de modo geral, os usu\u00e1rios aprovaram a atitude da motorista, que foi aplaudida ao repreender a reclamante. At\u00e9 esta manh\u00e3 a postagem j\u00e1 contava com mais de 1,3 mil compartilhamentos.<\/p>\n\n\n\n<p>Bem Paran\u00e1<\/p>\n","protected":false},"excerpt":{"rendered":"<p>Uma postagem na rede social facebook, do dia 23 de janeiro, est\u00e1 dando o que falar. Nela a usu\u00e1ria do transporte p\u00fablico de Curitiba, Babi Andrade, compartilha uma foto com a motorista de \u00f4nibus Salete, da linha Campo Comprido\/Pinhais. Na postagem, Babi narra a atitude da motorista que parou o carro e disse que n\u00e3o [&hellip;]<\/p>\n","protected":false},"author":2,"featured_media":25370,"comment_status":"open","ping_status":"open","sticky":false,"template":"","format":"standard","meta":{"advanced_seo_description":"","jetpack_seo_html_title":"","jetpack_seo_noindex":false,"_jetpack_memberships_contains_paid_content":false,"footnotes":""},"categories":[71],"tags":[],"class_list":{"0":"post-25369","1":"post","2":"type-post","3":"status-publish","4":"format-standard","5":"has-post-thumbnail","7":"category-curitiba"},"jetpack_featured_media_url":"https:\/\/www.paranapraia.com.br\/wp-content\/uploads\/2020\/01\/83433453_1884278948374587_3835417134041661440_n.jpg","jetpack_sharing_enabled":true,"_links":{"self":[{"href":"https:\/\/www.paranapraia.com.br\/index.php\/wp-json\/wp\/v2\/posts\/25369"}],"collection":[{"href":"https:\/\/www.paranapraia.com.br\/index.php\/wp-json\/wp\/v2\/posts"}],"about":[{"href":"https:\/\/www.paranapraia.com.br\/index.php\/wp-json\/wp\/v2\/types\/post"}],"author":[{"embeddable":true,"href":"https:\/\/www.paranapraia.com.br\/index.php\/wp-json\/wp\/v2\/users\/2"}],"replies":[{"embeddable":true,"href":"https:\/\/www.paranapraia.com.br\/index.php\/wp-json\/wp\/v2\/comments?post=25369"}],"version-history":[{"count":1,"href":"https:\/\/www.paranapraia.com.br\/index.php\/wp-json\/wp\/v2\/posts\/25369\/revisions"}],"predecessor-version":[{"id":25371,"href":"https:\/\/www.paranapraia.com.br\/index.php\/wp-json\/wp\/v2\/posts\/25369\/revisions\/25371"}],"wp:featuredmedia":[{"embeddable":true,"href":"https:\/\/www.paranapraia.com.br\/index.php\/wp-json\/wp\/v2\/media\/25370"}],"wp:attachment":[{"href":"https:\/\/www.paranapraia.com.br\/index.php\/wp-json\/wp\/v2\/media?parent=25369"}],"wp:term":[{"taxonomy":"category","embeddable":true,"href":"https:\/\/www.paranapraia.com.br\/index.php\/wp-json\/wp\/v2\/categories?post=25369"},{"taxonomy":"post_tag","embeddable":true,"href":"https:\/\/www.paranapraia.com.br\/index.php\/wp-json\/wp\/v2\/tags?post=25369"}],"curies":[{"name":"wp","href":"https:\/\/api.w.org\/{rel}","templated":true}]}}