{"id":25108,"date":"2020-01-17T13:25:47","date_gmt":"2020-01-17T16:25:47","guid":{"rendered":"https:\/\/www.paranapraia.com.br\/?p=25108"},"modified":"2020-01-17T13:25:50","modified_gmt":"2020-01-17T16:25:50","slug":"quatro-carros-se-envolvem-em-acidente-no-contorno-leste-em-curitiba","status":"publish","type":"post","link":"https:\/\/www.paranapraia.com.br\/index.php\/2020\/01\/17\/quatro-carros-se-envolvem-em-acidente-no-contorno-leste-em-curitiba\/","title":{"rendered":"Quatro carros se envolvem em acidente no Contorno Leste, em Curitiba"},"content":{"rendered":"\n<p>Quatro carros se envolveram em um acidente no Contorno Leste, em Curitiba, na manh\u00e3 desta sexta-feira (17).<\/p>\n\n\n\n<p>Uma idosa e uma crian\u00e7a ficaram feridas, de acordo com o m\u00e9dico do Servi\u00e7o Integrado de Atendimento ao Trauma em Emerg\u00eancia (Siate) que estava no local.<\/p>\n\n\n\n<p>Segundo o m\u00e9dico, h\u00e1 suspeita de trauma no quadril da crian\u00e7a, e de trauma na coluna da mulher de 68 anos. Elas s\u00e3o neta e av\u00f3.<\/p>\n\n\n\n<p>Outras quatro pessoas, ainda conforme o m\u00e9dico, tiveram arranh\u00f5es.<\/p>\n\n\n\n<figure class=\"wp-block-image\"><img decoding=\"async\" src=\"https:\/\/s2.glbimg.com\/oFNN0oxznQAPEgXMi6Z2MnWPD9k=\/0x0:1152x864\/984x0\/smart\/filters:strip_icc()\/i.s3.glbimg.com\/v1\/AUTH_59edd422c0c84a879bd37670ae4f538a\/internal_photos\/bs\/2020\/l\/Z\/khdnZVRzyZVesqbzfo4A\/transito-no-contorno-leste-em-curitiba-precisou-ser-bloqueado-por-causa-de-acidente.jpg\" alt=\"Tr\u00e2nsito no Contorno Leste, em Curitiba, precisou ser bloqueado por causa de acidente \u2014 Foto: Mauricio Freire\/RPC\"\/><\/figure>\n\n\n\n<p>Tr\u00e2nsito no Contorno Leste, em Curitiba, precisou ser bloqueado por causa de acidente \u2014 Foto: Mauricio Freire\/RPC<\/p>\n\n\n\n<h2 class=\"wp-block-heading\">Tr\u00e2nsito bloqueado<\/h2>\n\n\n\n<p>A batida aconteceu no bairro Osternack. O tr\u00e2nsito precisou ser totalmente bloqueado, para que as v\u00edtimas pudessem ser atendidas.<\/p>\n\n\n\n<p>Por volta das 10h45, o trecho come\u00e7ou a ser liberado.\u00a0<\/p>\n\n\n\n<figure class=\"wp-block-image\"><img decoding=\"async\" src=\"https:\/\/s2.glbimg.com\/97KiGZo3EyfM43OJ_NcCHzPjqfU=\/0x0:1280x960\/984x0\/smart\/filters:strip_icc()\/i.s3.glbimg.com\/v1\/AUTH_59edd422c0c84a879bd37670ae4f538a\/internal_photos\/bs\/2020\/Y\/S\/vXY9G6SzKbT74JCLaBYw\/vitima-do-acidente-e-atendida-em-curitiba.jpg\" alt=\"V\u00edtima do acidente \u00e9 atendida, em Curitiba \u2014 Foto: Mauricio Freire\/RPC\"\/><\/figure>\n\n\n\n<p>V\u00edtima do acidente \u00e9 atendida, em Curitiba \u2014 Foto: Mauricio Freire\/RPC<\/p>\n\n\n\n<p>G1PR<br><\/p>\n","protected":false},"excerpt":{"rendered":"<p>Quatro carros se envolveram em um acidente no Contorno Leste, em Curitiba, na manh\u00e3 desta sexta-feira (17). Uma idosa e uma crian\u00e7a ficaram feridas, de acordo com o m\u00e9dico do Servi\u00e7o Integrado de Atendimento ao Trauma em Emerg\u00eancia (Siate) que estava no local. Segundo o m\u00e9dico, h\u00e1 suspeita de trauma no quadril da crian\u00e7a, e [&hellip;]<\/p>\n","protected":false},"author":2,"featured_media":25111,"comment_status":"open","ping_status":"open","sticky":false,"template":"","format":"standard","meta":{"advanced_seo_description":"","jetpack_seo_html_title":"","jetpack_seo_noindex":false,"_jetpack_memberships_contains_paid_content":false,"footnotes":""},"categories":[52],"tags":[],"class_list":{"0":"post-25108","1":"post","2":"type-post","3":"status-publish","4":"format-standard","5":"has-post-thumbnail","7":"category-acidentes"},"jetpack_featured_media_url":"https:\/\/www.paranapraia.com.br\/wp-content\/uploads\/2020\/01\/acidente-com-4-veiculos-aconteceu-no-contorno-leste-em-curitiba-nesta-terca-feira-17-.jpg","jetpack_sharing_enabled":true,"_links":{"self":[{"href":"https:\/\/www.paranapraia.com.br\/index.php\/wp-json\/wp\/v2\/posts\/25108"}],"collection":[{"href":"https:\/\/www.paranapraia.com.br\/index.php\/wp-json\/wp\/v2\/posts"}],"about":[{"href":"https:\/\/www.paranapraia.com.br\/index.php\/wp-json\/wp\/v2\/types\/post"}],"author":[{"embeddable":true,"href":"https:\/\/www.paranapraia.com.br\/index.php\/wp-json\/wp\/v2\/users\/2"}],"replies":[{"embeddable":true,"href":"https:\/\/www.paranapraia.com.br\/index.php\/wp-json\/wp\/v2\/comments?post=25108"}],"version-history":[{"count":1,"href":"https:\/\/www.paranapraia.com.br\/index.php\/wp-json\/wp\/v2\/posts\/25108\/revisions"}],"predecessor-version":[{"id":25112,"href":"https:\/\/www.paranapraia.com.br\/index.php\/wp-json\/wp\/v2\/posts\/25108\/revisions\/25112"}],"wp:featuredmedia":[{"embeddable":true,"href":"https:\/\/www.paranapraia.com.br\/index.php\/wp-json\/wp\/v2\/media\/25111"}],"wp:attachment":[{"href":"https:\/\/www.paranapraia.com.br\/index.php\/wp-json\/wp\/v2\/media?parent=25108"}],"wp:term":[{"taxonomy":"category","embeddable":true,"href":"https:\/\/www.paranapraia.com.br\/index.php\/wp-json\/wp\/v2\/categories?post=25108"},{"taxonomy":"post_tag","embeddable":true,"href":"https:\/\/www.paranapraia.com.br\/index.php\/wp-json\/wp\/v2\/tags?post=25108"}],"curies":[{"name":"wp","href":"https:\/\/api.w.org\/{rel}","templated":true}]}}