{"id":25105,"date":"2020-01-17T11:40:31","date_gmt":"2020-01-17T14:40:31","guid":{"rendered":"https:\/\/www.paranapraia.com.br\/?p=25105"},"modified":"2020-01-17T11:40:35","modified_gmt":"2020-01-17T14:40:35","slug":"oficina-discute-acoes-socioeconomicas-do-em-frente-brasil","status":"publish","type":"post","link":"https:\/\/www.paranapraia.com.br\/index.php\/2020\/01\/17\/oficina-discute-acoes-socioeconomicas-do-em-frente-brasil\/","title":{"rendered":"Oficina discute a\u00e7\u00f5es socioecon\u00f4micas do Em Frente Brasil"},"content":{"rendered":"\n<p>Representantes da Uni\u00e3o e dos governo estaduais e municipais se re\u00fanem at\u00e9 esta sexta-feira (17) para debater a\u00e7\u00f5es socioecon\u00f4micas para a segunda fase do projeto-piloto Em Frente Brasil. A Oficina de Constru\u00e7\u00e3o teve in\u00edcio na quarta-feira (15\/01), em S\u00e3o Jos\u00e9 dos Pinhais, na Regi\u00e3o Metropolitana de Curitiba (RMC), uma das cinco cidades escolhidas pelo Minist\u00e9rio da Justi\u00e7a para integrar o projeto.<\/p>\n\n\n\n<p>Para o diretor de Pol\u00edticas de Seguran\u00e7a P\u00fablica do Minist\u00e9rio da Justi\u00e7a e Seguran\u00e7a P\u00fablica, Marcelo Moreno, a primeira fase foi desempenhada com sucesso, pois todos os cinco munic\u00edpios que integram o projeto conseguiram diminuir os \u00edndices de criminalidade. \u201c<\/p>\n\n\n\n<p>\u201cA partir de agora damos in\u00edcio \u00e0 fase substancial, com a atua\u00e7\u00e3o integral na \u00e1rea socioecon\u00f4mica. A a\u00e7\u00e3o desses minist\u00e9rios, bem como das secretarias estaduais e municipais, visa trabalhar um plano de seguran\u00e7a integrado com base no diagn\u00f3stico local, que foi feito pelos institutos federais e com a consultoria da Escola Nacional de Administra\u00e7\u00e3o P\u00fablica, para criar a\u00e7\u00f5es de preven\u00e7\u00e3o socioecon\u00f4mica\u201d\u201d, disse.<\/p>\n\n\n\n<p>De acordo com Moreno, a segunda fase do projeto-piloto \u00e9 desafiadora, pois os resultados vir\u00e3o a m\u00e9dio e longo prazo. \u201c\u201cN\u00f3s queremos que esses n\u00fameros, que j\u00e1 tiveram redu\u00e7\u00e3o, se estabele\u00e7am para que assim gerem novas oportunidades de emprego para todos\u201d, complementou.<\/p>\n\n\n\n<p>Segundo o diretor-geral da Secretaria de Estado do Planejamento e Projetos Estruturantes, Jo\u00e3o Evaristo Debiasi, durante as oficinas os grupos tem\u00e1ticos de cada \u00f3rg\u00e3o debatem a\u00e7\u00f5es e pol\u00edticas p\u00fablicas inovadoras. \u201cN\u00f3s buscaremos entender o diagn\u00f3stico da cidade de S\u00e3o Jos\u00e9 dos Pinhais para que os governos federal, estadual e municipal possam promover n\u00e3o s\u00f3 a\u00e7\u00f5es de repress\u00e3o, mas a\u00e7\u00f5es criativas no campo da educa\u00e7\u00e3o e na gera\u00e7\u00e3o de emprego e renda\u201d\u201d, explicou.<\/p>\n\n\n\n<p>Para o coordenador estadual da primeira fase do Em Frente Brasil, coronel Nivaldo Marcelos da Silva, a continua\u00e7\u00e3o do processo operacional \u00e9 fundamental para que o projeto-piloto se transforme em programa e possa ser implementado em outras cidades do Pa\u00eds. \u201c\u201cS\u00e3o Jos\u00e9 dos Pinhais registrou uma queda de homic\u00eddios e de roubos desde 30 de agosto de 2019, quando iniciou o projeto. Vamos continuar engajados e integrados para que as a\u00e7\u00f5es evoluam\u201d\u201d, disse.<\/p>\n\n\n\n<p>De acordo com o prefeito de S\u00e3o Jos\u00e9 dos Pinhais, Toninho Fenelon, cada fase do projeto-piloto tem sua import\u00e2ncia, mas n\u00e3o basta ter repress\u00e3o ao crime sem pensar em a\u00e7\u00f5es sociais. \u201c\u201cDurante esses tr\u00eas dias os governos federal, estadual e municipal est\u00e3o discutindo os meios de viabilizar essas a\u00e7\u00f5es\u201d\u201d, disse.<\/p>\n\n\n\n<p><strong>NA PR\u00c1TICA<\/strong>\u00a0&#8211; Nesta segunda fase o objetivo \u00e9 promover a transforma\u00e7\u00e3o das realidades socioecon\u00f4micas por meio da coopera\u00e7\u00e3o e da integra\u00e7\u00e3o entre os \u00f3rg\u00e3os. No \u00e2mbito da Uni\u00e3o, al\u00e9m do Minist\u00e9rio da Justi\u00e7a e Seguran\u00e7a P\u00fablica, fazem parte do projeto-piloto a Casa Civil, Secretarias de Governo, Secretaria-Geral da Presid\u00eancia da Rep\u00fablica e os minist\u00e9rios da Mulher, Fam\u00edlia e Direitos Humanos; Economia; Sa\u00fade; Desenvolvimento Regional; Cidadania e Educa\u00e7\u00e3o. No \u00e2mbito do governos estaduais e municipais, as suas respectivas secretarias com simetria aos minist\u00e9rios envolvidos.<\/p>\n\n\n\n<p>AEN<br><\/p>\n","protected":false},"excerpt":{"rendered":"<p>Representantes da Uni\u00e3o e dos governo estaduais e municipais se re\u00fanem at\u00e9 esta sexta-feira (17) para debater a\u00e7\u00f5es socioecon\u00f4micas para a segunda fase do projeto-piloto Em Frente Brasil. A Oficina de Constru\u00e7\u00e3o teve in\u00edcio na quarta-feira (15\/01), em S\u00e3o Jos\u00e9 dos Pinhais, na Regi\u00e3o Metropolitana de Curitiba (RMC), uma das cinco cidades escolhidas pelo Minist\u00e9rio [&hellip;]<\/p>\n","protected":false},"author":2,"featured_media":25106,"comment_status":"open","ping_status":"open","sticky":false,"template":"","format":"standard","meta":{"advanced_seo_description":"","jetpack_seo_html_title":"","jetpack_seo_noindex":false,"_jetpack_memberships_contains_paid_content":false,"footnotes":""},"categories":[42],"tags":[],"class_list":{"0":"post-25105","1":"post","2":"type-post","3":"status-publish","4":"format-standard","5":"has-post-thumbnail","7":"category-cidades"},"jetpack_featured_media_url":"https:\/\/www.paranapraia.com.br\/wp-content\/uploads\/2020\/01\/IMG_7068.jpg","jetpack_sharing_enabled":true,"_links":{"self":[{"href":"https:\/\/www.paranapraia.com.br\/index.php\/wp-json\/wp\/v2\/posts\/25105"}],"collection":[{"href":"https:\/\/www.paranapraia.com.br\/index.php\/wp-json\/wp\/v2\/posts"}],"about":[{"href":"https:\/\/www.paranapraia.com.br\/index.php\/wp-json\/wp\/v2\/types\/post"}],"author":[{"embeddable":true,"href":"https:\/\/www.paranapraia.com.br\/index.php\/wp-json\/wp\/v2\/users\/2"}],"replies":[{"embeddable":true,"href":"https:\/\/www.paranapraia.com.br\/index.php\/wp-json\/wp\/v2\/comments?post=25105"}],"version-history":[{"count":1,"href":"https:\/\/www.paranapraia.com.br\/index.php\/wp-json\/wp\/v2\/posts\/25105\/revisions"}],"predecessor-version":[{"id":25107,"href":"https:\/\/www.paranapraia.com.br\/index.php\/wp-json\/wp\/v2\/posts\/25105\/revisions\/25107"}],"wp:featuredmedia":[{"embeddable":true,"href":"https:\/\/www.paranapraia.com.br\/index.php\/wp-json\/wp\/v2\/media\/25106"}],"wp:attachment":[{"href":"https:\/\/www.paranapraia.com.br\/index.php\/wp-json\/wp\/v2\/media?parent=25105"}],"wp:term":[{"taxonomy":"category","embeddable":true,"href":"https:\/\/www.paranapraia.com.br\/index.php\/wp-json\/wp\/v2\/categories?post=25105"},{"taxonomy":"post_tag","embeddable":true,"href":"https:\/\/www.paranapraia.com.br\/index.php\/wp-json\/wp\/v2\/tags?post=25105"}],"curies":[{"name":"wp","href":"https:\/\/api.w.org\/{rel}","templated":true}]}}