{"id":25099,"date":"2020-01-17T11:35:13","date_gmt":"2020-01-17T14:35:13","guid":{"rendered":"https:\/\/www.paranapraia.com.br\/?p=25099"},"modified":"2020-01-17T11:35:19","modified_gmt":"2020-01-17T14:35:19","slug":"com-custo-ainda-indefinido-estar-digital-deve-comecar-a-funcionar-em-fevereiro","status":"publish","type":"post","link":"https:\/\/www.paranapraia.com.br\/index.php\/2020\/01\/17\/com-custo-ainda-indefinido-estar-digital-deve-comecar-a-funcionar-em-fevereiro\/","title":{"rendered":"Com custo ainda indefinido, EstaR Digital deve come\u00e7ar a funcionar em fevereiro"},"content":{"rendered":"\n<h4 class=\"wp-block-heading\">Na semana passada, a Urbaniza\u00e7\u00e3o de Curitiba (Urbs) iniciou o cadastramento dos aplicativos m\u00f3veis para automatizar a utiliza\u00e7\u00e3o de vagas<\/h4>\n\n\n\n<p>O EstaR Digital, que vai substituir o papel nas vagas de estacionamento rotativo de Curitiba, deve come\u00e7ar a funcionar em fevereiro. A expectativa da prefeitura \u00e9 de que o servi\u00e7o entre em opera\u00e7\u00e3o na segunda metade do m\u00eas. Segundo a administra\u00e7\u00e3o municipal, o custo do servi\u00e7o ainda ser\u00e1 definido.<\/p>\n\n\n\n<p>Na semana passada, a Urbaniza\u00e7\u00e3o de Curitiba (Urbs) iniciou o cadastramento dos aplicativos m\u00f3veis para automatizar a utiliza\u00e7\u00e3o de vagas. O projeto \u00e9 o \u00faltimo passo para a moderniza\u00e7\u00e3o do sistema, que conta hoje com 12.088 vagas tarifadas de estacionamento.<\/p>\n\n\n\n<p>Os aplicativos homologados far\u00e3o a intermedia\u00e7\u00e3o da comercializa\u00e7\u00e3o de cr\u00e9ditos eletr\u00f4nicos para utiliza\u00e7\u00e3o do EstaR nas vias, logradouros e \u00e1reas p\u00fablicas, bem como a disponibiliza\u00e7\u00e3o da comercializa\u00e7\u00e3o em pontos fixos de venda.<\/p>\n\n\n\n<p>A documenta\u00e7\u00e3o dos interessados est\u00e1 em fase de avalia\u00e7\u00e3o pela Urbs e a partir de fevereiro a Setran iniciar\u00e1 a substitui\u00e7\u00e3o das placas de sinaliza\u00e7\u00e3o para o novo servi\u00e7o.<\/p>\n\n\n\n<p>Haver\u00e1 uma fase de transi\u00e7\u00e3o para que as pessoas se adaptem e troquem os cart\u00f5es n\u00e3o utilizados por cr\u00e9ditos do novo sistema, segundo Ogeny Pedro Maia Neto, presidente da Urbs. \u201cA tecnologia chega para facilitar a vida das pessoas, que poder\u00e3o comprar os cr\u00e9ditos por meio dos seus celulares sem ter que procurar por cart\u00f5es de EstaR ou se sujeitar a pagar mais caro a pessoas n\u00e3o habilitadas para efetuar a venda, como os conhecidos flanelinhas\u201d, disse Maia Neto.<\/p>\n\n\n\n<p>O usu\u00e1rio poder\u00e1 adquirir cr\u00e9ditos de estacionamento em via p\u00fablica pelos aplicativos e em estabelecimentos comerciais credenciados para fazer a venda. Ser\u00e3o pelo menos 50 pontos de venda fixos por aplicativo. Nas ruas onde n\u00e3o h\u00e1 pontos comerciais, est\u00e1 prevista, a crit\u00e9rio das empresas homologadas, a instala\u00e7\u00e3o de totens para que pessoas tamb\u00e9m possam comprar por meio desses equipamentos.<\/p>\n\n\n\n<p>O pagamento poder\u00e1 ser feito, tanto em aplicativos quanto em pontos comerciais e nos totens, com o cart\u00e3o de d\u00e9bito e cr\u00e9dito. Assim que pagar, ser\u00e1 emitido o comprovante, dispens\u00e1vel sob o ponto de vista da fiscaliza\u00e7\u00e3o. \u201cOs agentes de tr\u00e2nsito tamb\u00e9m ir\u00e3o trabalhar dentro de uma plataforma digital, que trar\u00e1 as informa\u00e7\u00f5es sobre quais ve\u00edculos estar\u00e3o estacionados de forma regular e irregular\u201d, explicou o presidente da Urbs.<\/p>\n\n\n\n<h2 class=\"wp-block-heading\">Funcionamento<\/h2>\n\n\n\n<p>Assim como funciona com o bloco de cart\u00f5es do EstaR, os usu\u00e1rios tamb\u00e9m poder\u00e3o comprar cr\u00e9ditos pelos aplicativos e armazen\u00e1-los para utilizar quando forem estacionar. H\u00e1 a possibilidade at\u00e9 de o usu\u00e1rio receber desconto ao adquirir um n\u00famero maior de cr\u00e9ditos. Cada empresa, cada aplicativo, ter\u00e1 sua pol\u00edtica de descontos e a Urbs estabelecer\u00e1 apenas o valor m\u00e1ximo que poder\u00e1 ser cobrado pela fra\u00e7\u00e3o de hora do estacionamento.<\/p>\n\n\n\n<p>De acordo com o presidente da Urbs, o aplicativo ir\u00e1 avisar quando o prazo de estacionamento estiver se encerrando, dando a op\u00e7\u00e3o de renova\u00e7\u00e3o para mais um per\u00edodo caso n\u00e3o exceda o limite m\u00e1ximo do setor onde estiver estacionado o ve\u00edculo de acordo com a sinaliza\u00e7\u00e3o existente.<\/p>\n\n\n\n<p>Banda B<br><\/p>\n\n\n\n<p><br><\/p>\n","protected":false},"excerpt":{"rendered":"<p>Na semana passada, a Urbaniza\u00e7\u00e3o de Curitiba (Urbs) iniciou o cadastramento dos aplicativos m\u00f3veis para automatizar a utiliza\u00e7\u00e3o de vagas O EstaR Digital, que vai substituir o papel nas vagas de estacionamento rotativo de Curitiba, deve come\u00e7ar a funcionar em fevereiro. A expectativa da prefeitura \u00e9 de que o servi\u00e7o entre em opera\u00e7\u00e3o na segunda [&hellip;]<\/p>\n","protected":false},"author":2,"featured_media":25100,"comment_status":"open","ping_status":"open","sticky":false,"template":"","format":"standard","meta":{"advanced_seo_description":"","jetpack_seo_html_title":"","jetpack_seo_noindex":false,"_jetpack_memberships_contains_paid_content":false,"footnotes":""},"categories":[71],"tags":[],"class_list":{"0":"post-25099","1":"post","2":"type-post","3":"status-publish","4":"format-standard","5":"has-post-thumbnail","7":"category-curitiba"},"jetpack_featured_media_url":"https:\/\/www.paranapraia.com.br\/wp-content\/uploads\/2020\/01\/estar.jpg","jetpack_sharing_enabled":true,"_links":{"self":[{"href":"https:\/\/www.paranapraia.com.br\/index.php\/wp-json\/wp\/v2\/posts\/25099"}],"collection":[{"href":"https:\/\/www.paranapraia.com.br\/index.php\/wp-json\/wp\/v2\/posts"}],"about":[{"href":"https:\/\/www.paranapraia.com.br\/index.php\/wp-json\/wp\/v2\/types\/post"}],"author":[{"embeddable":true,"href":"https:\/\/www.paranapraia.com.br\/index.php\/wp-json\/wp\/v2\/users\/2"}],"replies":[{"embeddable":true,"href":"https:\/\/www.paranapraia.com.br\/index.php\/wp-json\/wp\/v2\/comments?post=25099"}],"version-history":[{"count":1,"href":"https:\/\/www.paranapraia.com.br\/index.php\/wp-json\/wp\/v2\/posts\/25099\/revisions"}],"predecessor-version":[{"id":25101,"href":"https:\/\/www.paranapraia.com.br\/index.php\/wp-json\/wp\/v2\/posts\/25099\/revisions\/25101"}],"wp:featuredmedia":[{"embeddable":true,"href":"https:\/\/www.paranapraia.com.br\/index.php\/wp-json\/wp\/v2\/media\/25100"}],"wp:attachment":[{"href":"https:\/\/www.paranapraia.com.br\/index.php\/wp-json\/wp\/v2\/media?parent=25099"}],"wp:term":[{"taxonomy":"category","embeddable":true,"href":"https:\/\/www.paranapraia.com.br\/index.php\/wp-json\/wp\/v2\/categories?post=25099"},{"taxonomy":"post_tag","embeddable":true,"href":"https:\/\/www.paranapraia.com.br\/index.php\/wp-json\/wp\/v2\/tags?post=25099"}],"curies":[{"name":"wp","href":"https:\/\/api.w.org\/{rel}","templated":true}]}}