{"id":25096,"date":"2020-01-17T11:30:59","date_gmt":"2020-01-17T14:30:59","guid":{"rendered":"https:\/\/www.paranapraia.com.br\/?p=25096"},"modified":"2020-01-17T11:31:05","modified_gmt":"2020-01-17T14:31:05","slug":"video-mostra-filha-reencontrando-mae-que-a-doou-ha-47-anos-quem-sou-eu-para-nao-perdoar","status":"publish","type":"post","link":"https:\/\/www.paranapraia.com.br\/index.php\/2020\/01\/17\/video-mostra-filha-reencontrando-mae-que-a-doou-ha-47-anos-quem-sou-eu-para-nao-perdoar\/","title":{"rendered":"V\u00eddeo mostra filha reencontrando m\u00e3e que a doou h\u00e1 47 anos: \u201cQuem sou eu para n\u00e3o perdoar?\u201d"},"content":{"rendered":"\n<h4 class=\"wp-block-heading\">Reencontro aconteceu esta semana e Rute descobriu tamb\u00e9m que tem 16 irm\u00e3os<\/h4>\n\n\n\n<p>Rute Sabino, de 47 anos, n\u00e3o imaginava que 2020 iria come\u00e7ar de maneira t\u00e3o surpreendente. Esta semana, ela conheceu a m\u00e3e que a doou logo ap\u00f3s o parto, em 1973. O reencontro<strong> <\/strong>foi poss\u00edvel gra\u00e7as a postagem de um amigo no Facebook buscando pela fam\u00edlia de Rute. Um dos seus 16 irm\u00e3os viu e assim foi poss\u00edvel reunir de novo n\u00e3o s\u00f3 m\u00e3e e filha, mas tamb\u00e9m o pai de Rute, que s\u00f3 soube da exist\u00eancia da filha cerca de 20 anos depois do nascimento.<\/p>\n\n\n\n<p>\u201cFoi surreal. Quando vi minha m\u00e3e biol\u00f3gica meu cora\u00e7\u00e3o disparou. Tocar nela e ela em mim foi prazeroso demais. Al\u00e9m de tudo, eu sou c\u00f3pia dela. Pude me ver daqui a alguns anos porque somos muito parecidas\u201d, disse Rute \u00e0 Banda B.<\/p>\n\n\n\n<figure class=\"wp-block-image\"><img decoding=\"async\" src=\"https:\/\/www.bandab.com.br\/wp-content\/uploads\/2020\/01\/mae-e-filha.jpg\" alt=\"\" class=\"wp-image-531475\"\/><\/figure>\n\n\n\n<p>M\u00e3e e filha se reencontram 47 anos depois \u2013 Reprodu\u00e7\u00e3o<\/p>\n\n\n\n<p>A hist\u00f3ria de Rute come\u00e7ou em 1973, em Antonina, no litoral do Paran\u00e1. A m\u00e3e, Terezinha Ribeiro , com 14 anos na \u00e9poca, engravidou de Ariosmar dos Santos, que tinha 16 anos. Rute nasceu em casa e o pai, na \u00e9poca, nem soube que teve uma filha. Pressionada, Terezinha doou Rute para outra fam\u00edlia criar.<\/p>\n\n\n\n<p>Rute nunca soube que era adotada, at\u00e9 que recentemente, a m\u00e3e adotiva dela faleceu. Foi ent\u00e3o, que uma mulher chamada Ivete, revelou a hist\u00f3ria a Rute.<\/p>\n\n\n\n<p>\u201cEssa mulher me disse que disse que eu tinha outra fam\u00edlia. Da\u00ed, ap\u00f3s uma trag\u00e9dia na minha vida em que perdi um filho de 27 anos, que foi assassinado, decidi tentar encontrar minha m\u00e3e biol\u00f3gica. Foi ent\u00e3o que foi feita a postagem e acabei encontrando n\u00e3o s\u00f3 minha m\u00e3e, mas tamb\u00e9m meu pai e 16 irm\u00e3os\u201d, conta Rute.<\/p>\n\n\n\n<h1 class=\"wp-block-heading\">Perd\u00e3o<\/h1>\n\n\n\n<p>Al\u00e9m da m\u00e3e, que vive em Antonina, Rute, que mora em Paranagu\u00e1, j\u00e1 conheceu o pai e seus 11 irm\u00e3os, que vivem na mesma cidade. Agora vai conhecer os outros seis irm\u00e3os por parte de m\u00e3e.<\/p>\n\n\n\n<p>Questionado se perdoa a m\u00e3e por ter sido entregue a outra fam\u00edlia, Rute diz que sim: \u201cQuem sou eu para n\u00e3o perdoar? Quero viver bem com minha fam\u00edlia e ser feliz\u201d, completou.<\/p>\n\n\n\n<p>O v\u00eddeo abaixo, feito por uma tia de Rute,\u00a0 mostra o encontro entre m\u00e3e e filha ap\u00f3s 47 anos. Na grava\u00e7\u00e3o, aparece a irm\u00e3 de Rute, Solange, que est\u00e1 de preto. Rute est\u00e1 de amarelo e a m\u00e3e Terezinha est\u00e1 usando com bermuda cinza.<\/p>\n\n\n\n<p>Banda B<\/p>\n\n\n\n<p><br><\/p>\n\n\n\n<p><br><\/p>\n","protected":false},"excerpt":{"rendered":"<p>Reencontro aconteceu esta semana e Rute descobriu tamb\u00e9m que tem 16 irm\u00e3os Rute Sabino, de 47 anos, n\u00e3o imaginava que 2020 iria come\u00e7ar de maneira t\u00e3o surpreendente. Esta semana, ela conheceu a m\u00e3e que a doou logo ap\u00f3s o parto, em 1973. O reencontro foi poss\u00edvel gra\u00e7as a postagem de um amigo no Facebook buscando [&hellip;]<\/p>\n","protected":false},"author":2,"featured_media":25097,"comment_status":"open","ping_status":"open","sticky":false,"template":"","format":"standard","meta":{"advanced_seo_description":"","jetpack_seo_html_title":"","jetpack_seo_noindex":false,"_jetpack_memberships_contains_paid_content":false,"footnotes":""},"categories":[70],"tags":[],"class_list":{"0":"post-25096","1":"post","2":"type-post","3":"status-publish","4":"format-standard","5":"has-post-thumbnail","7":"category-reencontro"},"jetpack_featured_media_url":"https:\/\/www.paranapraia.com.br\/wp-content\/uploads\/2020\/01\/rute-e-solang.jpg","jetpack_sharing_enabled":true,"_links":{"self":[{"href":"https:\/\/www.paranapraia.com.br\/index.php\/wp-json\/wp\/v2\/posts\/25096"}],"collection":[{"href":"https:\/\/www.paranapraia.com.br\/index.php\/wp-json\/wp\/v2\/posts"}],"about":[{"href":"https:\/\/www.paranapraia.com.br\/index.php\/wp-json\/wp\/v2\/types\/post"}],"author":[{"embeddable":true,"href":"https:\/\/www.paranapraia.com.br\/index.php\/wp-json\/wp\/v2\/users\/2"}],"replies":[{"embeddable":true,"href":"https:\/\/www.paranapraia.com.br\/index.php\/wp-json\/wp\/v2\/comments?post=25096"}],"version-history":[{"count":1,"href":"https:\/\/www.paranapraia.com.br\/index.php\/wp-json\/wp\/v2\/posts\/25096\/revisions"}],"predecessor-version":[{"id":25098,"href":"https:\/\/www.paranapraia.com.br\/index.php\/wp-json\/wp\/v2\/posts\/25096\/revisions\/25098"}],"wp:featuredmedia":[{"embeddable":true,"href":"https:\/\/www.paranapraia.com.br\/index.php\/wp-json\/wp\/v2\/media\/25097"}],"wp:attachment":[{"href":"https:\/\/www.paranapraia.com.br\/index.php\/wp-json\/wp\/v2\/media?parent=25096"}],"wp:term":[{"taxonomy":"category","embeddable":true,"href":"https:\/\/www.paranapraia.com.br\/index.php\/wp-json\/wp\/v2\/categories?post=25096"},{"taxonomy":"post_tag","embeddable":true,"href":"https:\/\/www.paranapraia.com.br\/index.php\/wp-json\/wp\/v2\/tags?post=25096"}],"curies":[{"name":"wp","href":"https:\/\/api.w.org\/{rel}","templated":true}]}}