{"id":25090,"date":"2020-01-17T11:22:28","date_gmt":"2020-01-17T14:22:28","guid":{"rendered":"https:\/\/www.paranapraia.com.br\/?p=25090"},"modified":"2020-01-17T11:24:46","modified_gmt":"2020-01-17T14:24:46","slug":"esquadra-encerra-primeira-semana-das-operacoes-aspirantex-e-amazonia-azul-mar-limpo-e-vida","status":"publish","type":"post","link":"https:\/\/www.paranapraia.com.br\/index.php\/2020\/01\/17\/esquadra-encerra-primeira-semana-das-operacoes-aspirantex-e-amazonia-azul-mar-limpo-e-vida\/","title":{"rendered":"Esquadra encerra primeira semana das opera\u00e7\u00f5es \u201cAspirantex\u201d e \u201cAmaz\u00f4nia Azul \u2013 Mar Limpo \u00e9 Vida!\u201d"},"content":{"rendered":"\n<p>Dando continuidade ao cronograma das opera\u00e7\u00f5es \u201cAspirantex 2020\u201d e \u201cAmaz\u00f4nia Azul &#8211; Mar Limpo \u00e9 Vida!\u201d,&nbsp;nesta&nbsp;quarta-feira (15), foram executados mais exerc\u00edcios de car\u00e1ter militar, concernentes \u00e0s tarefas b\u00e1sicas do Poder Naval, que contribu\u00edram para a orienta\u00e7\u00e3o dos 244 aspirantes da Escola Naval, embarcados nos navios do Grupo-Tarefa&nbsp;(GT), assim como o aprimoramento das tripula\u00e7\u00f5es. As atividades marcam o fim da primeira fase de mar e primeira semana das opera\u00e7\u00f5es.<\/p>\n\n\n\n<p>Logo pela manh\u00e3, foi realizada a Transfer\u00eancia de \u00d3leo no Mar do Navio-Tanque \u201cGast\u00e3o Motta\u201d, para as Fragatas \u201cUni\u00e3o\u201d e \u201cLiberal\u201d, pertencentes ao GT. Durante o tr\u00e2nsito, que aconteceu sob amea\u00e7a a\u00e9rea, dois ca\u00e7as AF-1 da Marinha do Brasil e o P-95, da For\u00e7a A\u00e9rea Brasileira (FAB), atuaram como figurativos inimigos, realizando ataques simulados contra a For\u00e7a. Houve ainda oposi\u00e7\u00e3o de superf\u00edcie, realizada pelo Navio-Patrulha \u201cMacau\u201d<em>.<\/em><\/p>\n\n\n\n<p>Na parte da tarde, as aeronaves realizaram esclarecimento,&nbsp;em dist\u00e2ncias superiores&nbsp;\u00e0&nbsp;80 milhas do navio Porta-Helic\u00f3pteros Multiprop\u00f3sito \u201cAtl\u00e2ntico\u201d. Na ocasi\u00e3o, houve investiga\u00e7\u00e3o de poss\u00edveis contatos de interesse,&nbsp;para apurar se havia embarca\u00e7\u00f5es que apresentassem contraven\u00e7\u00e3o no mar. A a\u00e7\u00e3o aconteceu em prol da Marinha, contribuindo para elevar o n\u00edvel de adestramento das tripula\u00e7\u00f5es e tamb\u00e9m em proveito da Opera\u00e7\u00e3o \u201cAmaz\u00f4nia Azul &#8211; Mar Limpo \u00e9 Vida!\u201d, ao monitorar \u00e1reas onde houve ocorr\u00eancia de polui\u00e7\u00e3o por \u00f3leo no ano passado.<\/p>\n\n\n\n<p>Ainda&nbsp;no dia 15,&nbsp;ocorreu o&nbsp;<em>Split&nbsp;<\/em>&#8211; quando os navios do GT seguiram em dire\u00e7\u00e3o a diferentes pontos do litoral nordestino, se transformando em Unidades-Tarefa.&nbsp;\u201cEssa separa\u00e7\u00e3o ocorre para otimizar as a\u00e7\u00f5es de presen\u00e7a na nossa Amaz\u00f4nia Azul, alcan\u00e7ando uma maior extens\u00e3o do mar territorial\u201d, afirmou o Comandante da 1\u00aa Divis\u00e3o da Esquadra, Contra-Almirante Gilberto Santos Kerr.<\/p>\n\n\n\n<p>A pr\u00f3xima etapa \u00e9 a atraca\u00e7\u00e3o,&nbsp;nos portos de Fortaleza-CE, Macei\u00f3-AL, Natal-RN, Recife-PE e Cabedelo-PB, nesta quinta-feira (16), que marca o fim da primeira fase de mar da opera\u00e7\u00e3o.<\/p>\n\n\n\n<figure class=\"wp-block-image\"><img decoding=\"async\" src=\"https:\/\/www.marinha.mil.br\/sites\/default\/files\/noticias\/tom_-_foto1_web.jpg\" alt=\"\"\/><\/figure>\n\n\n\n<blockquote class=\"wp-block-quote is-layout-flow wp-block-quote-is-layout-flow\"><p><strong>Fragata \u201cLiberal\u201d em faina de\u00a0Transfer\u00eancia de \u00d3leo no Mar\u00a0com o<\/strong> <\/p><p><strong>Navio-Tanque \u201cGast\u00e3o Motta\u201d<\/strong><\/p><p><a rel=\"noreferrer noopener\" target=\"_blank\" href=\"https:\/\/www.marinha.mil.br\/#facebook\"><br> <\/a><\/p><\/blockquote>\n\n\n\n<p><br>Marinha<\/p>\n","protected":false},"excerpt":{"rendered":"<p>Dando continuidade ao cronograma das opera\u00e7\u00f5es \u201cAspirantex 2020\u201d e \u201cAmaz\u00f4nia Azul &#8211; Mar Limpo \u00e9 Vida!\u201d,&nbsp;nesta&nbsp;quarta-feira (15), foram executados mais exerc\u00edcios de car\u00e1ter militar, concernentes \u00e0s tarefas b\u00e1sicas do Poder Naval, que contribu\u00edram para a orienta\u00e7\u00e3o dos 244 aspirantes da Escola Naval, embarcados nos navios do Grupo-Tarefa&nbsp;(GT), assim como o aprimoramento das tripula\u00e7\u00f5es. As atividades [&hellip;]<\/p>\n","protected":false},"author":2,"featured_media":25091,"comment_status":"open","ping_status":"open","sticky":false,"template":"","format":"standard","meta":{"advanced_seo_description":"","jetpack_seo_html_title":"","jetpack_seo_noindex":false,"_jetpack_memberships_contains_paid_content":false,"footnotes":""},"categories":[69],"tags":[],"class_list":{"0":"post-25090","1":"post","2":"type-post","3":"status-publish","4":"format-standard","5":"has-post-thumbnail","7":"category-marinha"},"jetpack_featured_media_url":"https:\/\/www.paranapraia.com.br\/wp-content\/uploads\/2020\/01\/15012020-img-20200115-wa00331.jpg","jetpack_sharing_enabled":true,"_links":{"self":[{"href":"https:\/\/www.paranapraia.com.br\/index.php\/wp-json\/wp\/v2\/posts\/25090"}],"collection":[{"href":"https:\/\/www.paranapraia.com.br\/index.php\/wp-json\/wp\/v2\/posts"}],"about":[{"href":"https:\/\/www.paranapraia.com.br\/index.php\/wp-json\/wp\/v2\/types\/post"}],"author":[{"embeddable":true,"href":"https:\/\/www.paranapraia.com.br\/index.php\/wp-json\/wp\/v2\/users\/2"}],"replies":[{"embeddable":true,"href":"https:\/\/www.paranapraia.com.br\/index.php\/wp-json\/wp\/v2\/comments?post=25090"}],"version-history":[{"count":3,"href":"https:\/\/www.paranapraia.com.br\/index.php\/wp-json\/wp\/v2\/posts\/25090\/revisions"}],"predecessor-version":[{"id":25095,"href":"https:\/\/www.paranapraia.com.br\/index.php\/wp-json\/wp\/v2\/posts\/25090\/revisions\/25095"}],"wp:featuredmedia":[{"embeddable":true,"href":"https:\/\/www.paranapraia.com.br\/index.php\/wp-json\/wp\/v2\/media\/25091"}],"wp:attachment":[{"href":"https:\/\/www.paranapraia.com.br\/index.php\/wp-json\/wp\/v2\/media?parent=25090"}],"wp:term":[{"taxonomy":"category","embeddable":true,"href":"https:\/\/www.paranapraia.com.br\/index.php\/wp-json\/wp\/v2\/categories?post=25090"},{"taxonomy":"post_tag","embeddable":true,"href":"https:\/\/www.paranapraia.com.br\/index.php\/wp-json\/wp\/v2\/tags?post=25090"}],"curies":[{"name":"wp","href":"https:\/\/api.w.org\/{rel}","templated":true}]}}