{"id":25081,"date":"2020-01-17T10:56:43","date_gmt":"2020-01-17T13:56:43","guid":{"rendered":"https:\/\/www.paranapraia.com.br\/?p=25081"},"modified":"2020-01-17T10:56:46","modified_gmt":"2020-01-17T13:56:46","slug":"laudo-diz-que-se-motorista-estivesse-ate-40-km-h-poderia-ter-evitado-morte-de-crianca","status":"publish","type":"post","link":"https:\/\/www.paranapraia.com.br\/index.php\/2020\/01\/17\/laudo-diz-que-se-motorista-estivesse-ate-40-km-h-poderia-ter-evitado-morte-de-crianca\/","title":{"rendered":"Laudo diz que se motorista estivesse at\u00e9 40 km\/h poderia ter evitado morte de crian\u00e7a"},"content":{"rendered":"\n<h4 class=\"wp-block-heading\">Acidente aconteceu em outubro do ano passado, no S\u00edtio Cercado<\/h4>\n\n\n\n<p>O acidente aconteceu no cruzamento das ruas Kloldi Jane Assis e Armelindo Peruzzo, no bairro S\u00edtio Cercado, no dia 25 de outubro do ano passado. O menino teria largado da m\u00e3o da tia e tentou atravessar a rua, mas foi atingido pelo autom\u00f3vel. O motorista foi preso em flagrante ap\u00f3s ser reprovado no teste do baf\u00f4metro. Ele apresentava 0,23 mg\/L (miligramas de \u00e1lcool por litros de ar expelido dos pulm\u00f5es), acima do permitido.<\/p>\n\n\n\n<p>De acordo com o advogado Jeffrey Chiquini, o laudo foi solicitado pela defesa de Bruno e concluiu que a velocidade foi superior ao permitido. \u201cSe Bruno estivesse no limite da via e n\u00e3o estivesse embriagado, poderia ter freado com efic\u00e1cia seu ve\u00edculo, podendo evitar a morte da v\u00edtima\u201d, disse.<\/p>\n\n\n\n<figure class=\"wp-block-image\"><img decoding=\"async\" src=\"https:\/\/www.bandab.com.br\/wp-content\/uploads\/2020\/01\/laudo1.jpg\" alt=\"\" class=\"wp-image-531418\"\/><\/figure>\n\n\n\n<p>Reprodu\u00e7\u00e3o<\/p>\n\n\n\n<p>O Minist\u00e9rio P\u00fablico do Paran\u00e1 (MP-PR) denunciou Bruno por homic\u00eddio e por dirigir sem carteira de habilita\u00e7\u00e3o (CNH). Segundo o MP-PR, ele assumiu o risco de provocar morte e aceitou \u201ca possibilidade deste resultado, portanto, imbu\u00eddo de dolo eventual, com capacidade psicomotora visivelmente alterada\u201d.<\/p>\n\n\n\n<p>A reportagem entrou em contato com a defesa de Bruno, que informou que n\u00e3o ir\u00e1 se posicionar no momento.<\/p>\n\n\n\n<p>Banda B<br><\/p>\n","protected":false},"excerpt":{"rendered":"<p>Acidente aconteceu em outubro do ano passado, no S\u00edtio Cercado O acidente aconteceu no cruzamento das ruas Kloldi Jane Assis e Armelindo Peruzzo, no bairro S\u00edtio Cercado, no dia 25 de outubro do ano passado. O menino teria largado da m\u00e3o da tia e tentou atravessar a rua, mas foi atingido pelo autom\u00f3vel. O motorista [&hellip;]<\/p>\n","protected":false},"author":2,"featured_media":25082,"comment_status":"open","ping_status":"open","sticky":false,"template":"","format":"standard","meta":{"advanced_seo_description":"","jetpack_seo_html_title":"","jetpack_seo_noindex":false,"_jetpack_memberships_contains_paid_content":false,"footnotes":""},"categories":[33],"tags":[],"class_list":{"0":"post-25081","1":"post","2":"type-post","3":"status-publish","4":"format-standard","5":"has-post-thumbnail","7":"category-policia"},"jetpack_featured_media_url":"https:\/\/www.paranapraia.com.br\/wp-content\/uploads\/2020\/01\/marcelo-henrique.jpg","jetpack_sharing_enabled":true,"_links":{"self":[{"href":"https:\/\/www.paranapraia.com.br\/index.php\/wp-json\/wp\/v2\/posts\/25081"}],"collection":[{"href":"https:\/\/www.paranapraia.com.br\/index.php\/wp-json\/wp\/v2\/posts"}],"about":[{"href":"https:\/\/www.paranapraia.com.br\/index.php\/wp-json\/wp\/v2\/types\/post"}],"author":[{"embeddable":true,"href":"https:\/\/www.paranapraia.com.br\/index.php\/wp-json\/wp\/v2\/users\/2"}],"replies":[{"embeddable":true,"href":"https:\/\/www.paranapraia.com.br\/index.php\/wp-json\/wp\/v2\/comments?post=25081"}],"version-history":[{"count":1,"href":"https:\/\/www.paranapraia.com.br\/index.php\/wp-json\/wp\/v2\/posts\/25081\/revisions"}],"predecessor-version":[{"id":25083,"href":"https:\/\/www.paranapraia.com.br\/index.php\/wp-json\/wp\/v2\/posts\/25081\/revisions\/25083"}],"wp:featuredmedia":[{"embeddable":true,"href":"https:\/\/www.paranapraia.com.br\/index.php\/wp-json\/wp\/v2\/media\/25082"}],"wp:attachment":[{"href":"https:\/\/www.paranapraia.com.br\/index.php\/wp-json\/wp\/v2\/media?parent=25081"}],"wp:term":[{"taxonomy":"category","embeddable":true,"href":"https:\/\/www.paranapraia.com.br\/index.php\/wp-json\/wp\/v2\/categories?post=25081"},{"taxonomy":"post_tag","embeddable":true,"href":"https:\/\/www.paranapraia.com.br\/index.php\/wp-json\/wp\/v2\/tags?post=25081"}],"curies":[{"name":"wp","href":"https:\/\/api.w.org\/{rel}","templated":true}]}}