{"id":25074,"date":"2020-01-17T10:49:30","date_gmt":"2020-01-17T13:49:30","guid":{"rendered":"https:\/\/www.paranapraia.com.br\/?p=25074"},"modified":"2020-01-17T10:49:32","modified_gmt":"2020-01-17T13:49:32","slug":"familia-e-feita-refem-durante-a-madrugada-na-area-rural-de-paranavai","status":"publish","type":"post","link":"https:\/\/www.paranapraia.com.br\/index.php\/2020\/01\/17\/familia-e-feita-refem-durante-a-madrugada-na-area-rural-de-paranavai\/","title":{"rendered":"Fam\u00edlia \u00e9 feita ref\u00e9m durante a madrugada na \u00e1rea rural de Paranava\u00ed"},"content":{"rendered":"\n<h4 class=\"wp-block-heading\">Ao perceber presen\u00e7a de um dos suspeitos, fam\u00edlia ligou para a pol\u00edcia. Caso aconteceu nesta sexta-feira (17).<\/h4>\n\n\n\n<p>Uma fam\u00edlia foi feita ref\u00e9m na \u00e1rea rural de Paranava\u00ed, no noroeste do Paran\u00e1, na madrugada desta sexta-feira (17), de acordo com a Pol\u00edcia Militar (PM).<\/p>\n\n\n\n<p>A propriedade fica \u00e0s margens da PR-158. Segundo a PM, a fam\u00edlia estava em casa e ouviram os cachorros latirem muito. Ent\u00e3o, ao olhar pela janela, uma das v\u00edtimas viu um homem perto das ferramentas usadas no campo.<\/p>\n\n\n\n<p>A fam\u00edlia fechou a janela e ligou para a pol\u00edcia. Depois, percebeu que tinha mais dois suspeitos, al\u00e9m do que j\u00e1 tinha sido visto.<\/p>\n\n\n\n<h2 class=\"wp-block-heading\">Suspeitos encapuzados<\/h2>\n\n\n\n<p>Os suspeitos, conforme as v\u00edtimas, estavam encapuzados. Eles foram at\u00e9 a casa e come\u00e7aram a chutar a porta da sala. Uma das v\u00edtimas disse \u00e0 pol\u00edcia que colocou o sof\u00e1 na porta e se tranco no quarto com os familiares.<\/p>\n\n\n\n<p>De acordo com o relato das v\u00edtimas, os suspeitos conseguiram arrombar a porta da cozinha e entrar na casa. Eles amea\u00e7aram a fam\u00edlia, que acabou abrindo a porta do quarto. Uma das v\u00edtimas chegou a ser agredida com socos e chutes.<\/p>\n\n\n\n<p>Um homem armado manteve a fam\u00edlia dentro de casa, enquanto os outros dois foram at\u00e9 o local onde estavam tratores e defensivos agr\u00edcolas.<\/p>\n\n\n\n<h2 class=\"wp-block-heading\">Fuga<\/h2>\n\n\n\n<p>Ao ouvirem a pol\u00edcia se aproximando, os suspeitos fugiram pelo canavial aos fundos da resid\u00eancia. Eles levaram um celular das v\u00edtimas.<\/p>\n\n\n\n<p>G1PR<br><\/p>\n","protected":false},"excerpt":{"rendered":"<p>Ao perceber presen\u00e7a de um dos suspeitos, fam\u00edlia ligou para a pol\u00edcia. Caso aconteceu nesta sexta-feira (17). Uma fam\u00edlia foi feita ref\u00e9m na \u00e1rea rural de Paranava\u00ed, no noroeste do Paran\u00e1, na madrugada desta sexta-feira (17), de acordo com a Pol\u00edcia Militar (PM). A propriedade fica \u00e0s margens da PR-158. Segundo a PM, a fam\u00edlia [&hellip;]<\/p>\n","protected":false},"author":2,"featured_media":25075,"comment_status":"open","ping_status":"open","sticky":false,"template":"","format":"standard","meta":{"advanced_seo_description":"","jetpack_seo_html_title":"","jetpack_seo_noindex":false,"_jetpack_memberships_contains_paid_content":false,"footnotes":""},"categories":[33],"tags":[],"class_list":{"0":"post-25074","1":"post","2":"type-post","3":"status-publish","4":"format-standard","5":"has-post-thumbnail","7":"category-policia"},"jetpack_featured_media_url":"https:\/\/www.paranapraia.com.br\/wp-content\/uploads\/2020\/01\/8238028.jpg","jetpack_sharing_enabled":true,"_links":{"self":[{"href":"https:\/\/www.paranapraia.com.br\/index.php\/wp-json\/wp\/v2\/posts\/25074"}],"collection":[{"href":"https:\/\/www.paranapraia.com.br\/index.php\/wp-json\/wp\/v2\/posts"}],"about":[{"href":"https:\/\/www.paranapraia.com.br\/index.php\/wp-json\/wp\/v2\/types\/post"}],"author":[{"embeddable":true,"href":"https:\/\/www.paranapraia.com.br\/index.php\/wp-json\/wp\/v2\/users\/2"}],"replies":[{"embeddable":true,"href":"https:\/\/www.paranapraia.com.br\/index.php\/wp-json\/wp\/v2\/comments?post=25074"}],"version-history":[{"count":1,"href":"https:\/\/www.paranapraia.com.br\/index.php\/wp-json\/wp\/v2\/posts\/25074\/revisions"}],"predecessor-version":[{"id":25076,"href":"https:\/\/www.paranapraia.com.br\/index.php\/wp-json\/wp\/v2\/posts\/25074\/revisions\/25076"}],"wp:featuredmedia":[{"embeddable":true,"href":"https:\/\/www.paranapraia.com.br\/index.php\/wp-json\/wp\/v2\/media\/25075"}],"wp:attachment":[{"href":"https:\/\/www.paranapraia.com.br\/index.php\/wp-json\/wp\/v2\/media?parent=25074"}],"wp:term":[{"taxonomy":"category","embeddable":true,"href":"https:\/\/www.paranapraia.com.br\/index.php\/wp-json\/wp\/v2\/categories?post=25074"},{"taxonomy":"post_tag","embeddable":true,"href":"https:\/\/www.paranapraia.com.br\/index.php\/wp-json\/wp\/v2\/tags?post=25074"}],"curies":[{"name":"wp","href":"https:\/\/api.w.org\/{rel}","templated":true}]}}