{"id":25071,"date":"2020-01-17T10:46:37","date_gmt":"2020-01-17T13:46:37","guid":{"rendered":"https:\/\/www.paranapraia.com.br\/?p=25071"},"modified":"2020-01-17T10:46:40","modified_gmt":"2020-01-17T13:46:40","slug":"motociclista-morre-em-acidente-na-br-277-em-irati","status":"publish","type":"post","link":"https:\/\/www.paranapraia.com.br\/index.php\/2020\/01\/17\/motociclista-morre-em-acidente-na-br-277-em-irati\/","title":{"rendered":"Motociclista morre em acidente na BR-277, em Irati"},"content":{"rendered":"\n<h4 class=\"wp-block-heading\">De acordo com a PRF, moto e carro bateram na noite desta quinta-feira (16), no trecho entre Irati e Prudent\u00f3polis, na regi\u00e3o central do Paran\u00e1.<\/h4>\n\n\n\n<p>Um homem morreu em um acidente envolvendo uma motocicleta e um carro na noite desta quinta-feira (16), em Irati, na regi\u00e3o central do Paran\u00e1. Segundo a Pol\u00edcia Rodovi\u00e1ria Federal (PRF), os dois ve\u00edculos bateram na BR-277.<\/p>\n\n\n\n<p>De acordo com a pol\u00edcia, o motociclista seguia sentido Irati e bateu contra a lateral do carro, que trafegava no sentido contr\u00e1rio.<\/p>\n\n\n\n<p>O piloto da moto, de 53 anos, foi socorrido por uma ambul\u00e2ncia da concession\u00e1ria que administra a rodovia e levado para um hospital de Irati. No entanto, de acordo com a pol\u00edcia, o homem n\u00e3o resistiu aos ferimentos e morreu no hospital.<\/p>\n\n\n\n<p>O motorista do carro, de 38 anos, n\u00e3o se machucou, conforme a PRF.<\/p>\n\n\n\n<h2 class=\"wp-block-heading\"><strong>Acidentes na BR-277<\/strong><\/h2>\n\n\n\n<p>O acidente que vitimou o motociclista foi registrado no trecho da BR-277 entre Irati e Prudent\u00f3polis, na regi\u00e3o central do Paran\u00e1.<\/p>\n\n\n\n<p>Horas antes, no trecho da rodovia entre Palmeira e Irati \u2014 cerca de 60 km do local \u2014\u00a0uma batida entre um carro e um \u00f4nibus deixou cinco pessoas mortas.<\/p>\n\n\n\n<p>G1PR<br><\/p>\n","protected":false},"excerpt":{"rendered":"<p>De acordo com a PRF, moto e carro bateram na noite desta quinta-feira (16), no trecho entre Irati e Prudent\u00f3polis, na regi\u00e3o central do Paran\u00e1. Um homem morreu em um acidente envolvendo uma motocicleta e um carro na noite desta quinta-feira (16), em Irati, na regi\u00e3o central do Paran\u00e1. Segundo a Pol\u00edcia Rodovi\u00e1ria Federal (PRF), [&hellip;]<\/p>\n","protected":false},"author":2,"featured_media":25072,"comment_status":"open","ping_status":"open","sticky":false,"template":"","format":"standard","meta":{"advanced_seo_description":"","jetpack_seo_html_title":"","jetpack_seo_noindex":false,"_jetpack_memberships_contains_paid_content":false,"footnotes":""},"categories":[52],"tags":[],"class_list":{"0":"post-25071","1":"post","2":"type-post","3":"status-publish","4":"format-standard","5":"has-post-thumbnail","7":"category-acidentes"},"jetpack_featured_media_url":"https:\/\/www.paranapraia.com.br\/wp-content\/uploads\/2020\/01\/whatsapp-image-2020-01-16-at-23.15.31.jpeg","jetpack_sharing_enabled":true,"_links":{"self":[{"href":"https:\/\/www.paranapraia.com.br\/index.php\/wp-json\/wp\/v2\/posts\/25071"}],"collection":[{"href":"https:\/\/www.paranapraia.com.br\/index.php\/wp-json\/wp\/v2\/posts"}],"about":[{"href":"https:\/\/www.paranapraia.com.br\/index.php\/wp-json\/wp\/v2\/types\/post"}],"author":[{"embeddable":true,"href":"https:\/\/www.paranapraia.com.br\/index.php\/wp-json\/wp\/v2\/users\/2"}],"replies":[{"embeddable":true,"href":"https:\/\/www.paranapraia.com.br\/index.php\/wp-json\/wp\/v2\/comments?post=25071"}],"version-history":[{"count":1,"href":"https:\/\/www.paranapraia.com.br\/index.php\/wp-json\/wp\/v2\/posts\/25071\/revisions"}],"predecessor-version":[{"id":25073,"href":"https:\/\/www.paranapraia.com.br\/index.php\/wp-json\/wp\/v2\/posts\/25071\/revisions\/25073"}],"wp:featuredmedia":[{"embeddable":true,"href":"https:\/\/www.paranapraia.com.br\/index.php\/wp-json\/wp\/v2\/media\/25072"}],"wp:attachment":[{"href":"https:\/\/www.paranapraia.com.br\/index.php\/wp-json\/wp\/v2\/media?parent=25071"}],"wp:term":[{"taxonomy":"category","embeddable":true,"href":"https:\/\/www.paranapraia.com.br\/index.php\/wp-json\/wp\/v2\/categories?post=25071"},{"taxonomy":"post_tag","embeddable":true,"href":"https:\/\/www.paranapraia.com.br\/index.php\/wp-json\/wp\/v2\/tags?post=25071"}],"curies":[{"name":"wp","href":"https:\/\/api.w.org\/{rel}","templated":true}]}}