{"id":25068,"date":"2020-01-17T10:44:37","date_gmt":"2020-01-17T13:44:37","guid":{"rendered":"https:\/\/www.paranapraia.com.br\/?p=25068"},"modified":"2020-01-17T10:44:40","modified_gmt":"2020-01-17T13:44:40","slug":"prefeitura-de-sao-mateus-do-sul-oferece-251-vagas-de-estagio-em-processo-seletivo","status":"publish","type":"post","link":"https:\/\/www.paranapraia.com.br\/index.php\/2020\/01\/17\/prefeitura-de-sao-mateus-do-sul-oferece-251-vagas-de-estagio-em-processo-seletivo\/","title":{"rendered":"Prefeitura de S\u00e3o Mateus do Sul oferece 251 vagas de est\u00e1gio em processo seletivo"},"content":{"rendered":"\n<h4 class=\"wp-block-heading\">Inscri\u00e7\u00f5es para a sele\u00e7\u00e3o v\u00e3o at\u00e9 21 de janeiro. As vagas s\u00e3o lotadas em nove secretarias municipais da cidade, que fica na regi\u00e3o sul do Paran\u00e1.<\/h4>\n\n\n\n<p>A Prefeitura de S\u00e3o Mateus do Sul, no sul do Paran\u00e1, est\u00e1 com inscri\u00e7\u00f5es abertas para processo seletivo que preencher\u00e1 251 vagas de est\u00e1gio em \u00f3rg\u00e3os p\u00fablicos do munic\u00edpio. Os candidatos poder\u00e3o se inscrever at\u00e9 ter\u00e7a-feira (21).<\/p>\n\n\n\n<ul class=\"wp-block-list\"><li><a href=\"http:\/\/estaticog1.globo.com\/2020\/01\/17\/edital.pdf\">CONFIRA O EDITAL<\/a><\/li><\/ul>\n\n\n\n<p>Alunos que est\u00e3o cursando o ensino m\u00e9dio, t\u00e9cnico, superior ou p\u00f3s-gradua\u00e7\u00e3o podem se candidatar. O valor da bolsa-aux\u00edlio varia de R$ 225,00 a R$ 1.500,00. Todas as vagas contam com vale-transporte de R$ 90,00.<\/p>\n\n\n\n<p>As inscri\u00e7\u00f5es s\u00e3o realizadas pela internet, no&nbsp;<a href=\"https:\/\/www.cieepr.org.br\/menu-superior\/estudantes\/processo-seletivo-especial\/#modal-processoseletivo\" target=\"_blank\" rel=\"noreferrer noopener\">site do CIEE-PR<\/a>, que organiza o processo seletivo.<\/p>\n\n\n\n<h2 class=\"wp-block-heading\">VAGAS<\/h2>\n\n\n\n<p>Ao todo, 251 vagas est\u00e3o sendo ofertadas, sendo que 242 delas s\u00e3o na Secretaria Municipal de Educa\u00e7\u00e3o e Cultura. As outras vagas s\u00e3o lotadas nas seguintes secretarias:<\/p>\n\n\n\n<ul class=\"wp-block-list\"><li>Secretaria Municipal de Assist\u00eancia Social;<\/li><li>Secretaria Municipal de Obras;<\/li><li>Secretaria Municipal de Finan\u00e7as;<\/li><li>Secretaria Municipal da Casa Civil;<\/li><li>Secretaria Municipal de Administra\u00e7\u00e3o;<\/li><li>Secretaria Municipal de Agricultura;<\/li><li>Secretaria Municipal de Ind\u00fastria e Com\u00e9rcio;<\/li><li>Secretaria Municipal de Sa\u00fade;<\/li><\/ul>\n\n\n\n<p>A carga hor\u00e1ria das vagas varia entre quatro e seis horas di\u00e1rias, com 20 e 30 horas semanais.<\/p>\n\n\n\n<h2 class=\"wp-block-heading\">PROVA<\/h2>\n\n\n\n<p>A sele\u00e7\u00e3o ser\u00e1 realizada por meio de uma prova objetiva com 20 quest\u00f5es, programada para o dia 25 de janeiro.<\/p>\n\n\n\n<p>Independentemente da vaga escolhida, a prova valer\u00e1 100 pontos e ser\u00e1 composta por 20 quest\u00f5es, sendo cinco quest\u00f5es de L\u00edngua Portuguesa, cinco de Matem\u00e1tica, cinco de Inform\u00e1tica e cinco de Conhecimentos Gerais.<\/p>\n\n\n\n<p>O contrato de est\u00e1gio dos alunos que forem selecionados \u00e9 v\u00e1lido por um ano, com possibilidade de prorroga\u00e7\u00e3o de mais um.<\/p>\n\n\n\n<p>G1PR<br><\/p>\n","protected":false},"excerpt":{"rendered":"<p>Inscri\u00e7\u00f5es para a sele\u00e7\u00e3o v\u00e3o at\u00e9 21 de janeiro. As vagas s\u00e3o lotadas em nove secretarias municipais da cidade, que fica na regi\u00e3o sul do Paran\u00e1. A Prefeitura de S\u00e3o Mateus do Sul, no sul do Paran\u00e1, est\u00e1 com inscri\u00e7\u00f5es abertas para processo seletivo que preencher\u00e1 251 vagas de est\u00e1gio em \u00f3rg\u00e3os p\u00fablicos do munic\u00edpio. [&hellip;]<\/p>\n","protected":false},"author":2,"featured_media":25069,"comment_status":"open","ping_status":"open","sticky":false,"template":"","format":"standard","meta":{"advanced_seo_description":"","jetpack_seo_html_title":"","jetpack_seo_noindex":false,"_jetpack_memberships_contains_paid_content":false,"footnotes":""},"categories":[40],"tags":[],"class_list":{"0":"post-25068","1":"post","2":"type-post","3":"status-publish","4":"format-standard","5":"has-post-thumbnail","7":"category-destaques"},"jetpack_featured_media_url":"https:\/\/www.paranapraia.com.br\/wp-content\/uploads\/2020\/01\/prefeitura-1.jpg","jetpack_sharing_enabled":true,"_links":{"self":[{"href":"https:\/\/www.paranapraia.com.br\/index.php\/wp-json\/wp\/v2\/posts\/25068"}],"collection":[{"href":"https:\/\/www.paranapraia.com.br\/index.php\/wp-json\/wp\/v2\/posts"}],"about":[{"href":"https:\/\/www.paranapraia.com.br\/index.php\/wp-json\/wp\/v2\/types\/post"}],"author":[{"embeddable":true,"href":"https:\/\/www.paranapraia.com.br\/index.php\/wp-json\/wp\/v2\/users\/2"}],"replies":[{"embeddable":true,"href":"https:\/\/www.paranapraia.com.br\/index.php\/wp-json\/wp\/v2\/comments?post=25068"}],"version-history":[{"count":1,"href":"https:\/\/www.paranapraia.com.br\/index.php\/wp-json\/wp\/v2\/posts\/25068\/revisions"}],"predecessor-version":[{"id":25070,"href":"https:\/\/www.paranapraia.com.br\/index.php\/wp-json\/wp\/v2\/posts\/25068\/revisions\/25070"}],"wp:featuredmedia":[{"embeddable":true,"href":"https:\/\/www.paranapraia.com.br\/index.php\/wp-json\/wp\/v2\/media\/25069"}],"wp:attachment":[{"href":"https:\/\/www.paranapraia.com.br\/index.php\/wp-json\/wp\/v2\/media?parent=25068"}],"wp:term":[{"taxonomy":"category","embeddable":true,"href":"https:\/\/www.paranapraia.com.br\/index.php\/wp-json\/wp\/v2\/categories?post=25068"},{"taxonomy":"post_tag","embeddable":true,"href":"https:\/\/www.paranapraia.com.br\/index.php\/wp-json\/wp\/v2\/tags?post=25068"}],"curies":[{"name":"wp","href":"https:\/\/api.w.org\/{rel}","templated":true}]}}