{"id":25065,"date":"2020-01-17T10:42:17","date_gmt":"2020-01-17T13:42:17","guid":{"rendered":"https:\/\/www.paranapraia.com.br\/?p=25065"},"modified":"2020-01-17T10:42:20","modified_gmt":"2020-01-17T13:42:20","slug":"parana-registra-753-casos-de-sarampo-confirmados","status":"publish","type":"post","link":"https:\/\/www.paranapraia.com.br\/index.php\/2020\/01\/17\/parana-registra-753-casos-de-sarampo-confirmados\/","title":{"rendered":"Paran\u00e1 registra 753 casos de sarampo confirmados"},"content":{"rendered":"\n<p>O primeiro boletim epidemiol\u00f3gico do sarampo emitido pela Secretaria de Estado da Sa\u00fade em 2020 informa que s\u00e3o 753 casos doen\u00e7a registrados no Paran\u00e1 desde o in\u00edcio de agosto. H\u00e1 pacientes com meses de vida e de at\u00e9 59 anos. A maior incid\u00eancia continua no grupo de jovens adultos, com idade entre 20 e 29 anos.<\/p>\n\n\n\n<p>S\u00e3o 105 novos casos desde o \u00faltimo informe divulgado em 10 de dezembro.<\/p>\n\n\n\n<p>Os dados mostram que estiveram ou est\u00e3o com a doen\u00e7a 12 beb\u00eas com idade entre zero a seis meses; 15 pacientes de seis a 12 meses; oito crian\u00e7as na faixa et\u00e1ria de um a quatro anos; tr\u00eas de cinco a 9 anos; 199 com idade de dez a 19 anos; 395 pessoas entre 20 e 29 anos; 82 com idade entre 30 a 39 anos; 28 de 40 a 49 anos; e 11 na faixa de 50 a 59 anos.<\/p>\n\n\n\n<p>O secret\u00e1rio estadual da Sa\u00fade, Beto Preto, refor\u00e7a o alerta para a vacina\u00e7\u00e3o. \u201cEstamos buscando a parceria da popula\u00e7\u00e3o para reduzir doen\u00e7as que s\u00e3o evit\u00e1veis. O sarampo \u00e9 uma das doen\u00e7as em que o engajamento das pessoas \u00e9 essencial para que todos sejam vacinados. Somente dessa forma teremos a tranquilidade em falar que estamos livres do v\u00edrus do sarampo novamente\u201d, ressalta.<\/p>\n\n\n\n<p>Ele faz um chamado \u00e0 popula\u00e7\u00e3o para que v\u00e1 at\u00e9 uma unidade de sa\u00fade e coloque a carteira de vacina\u00e7\u00e3o em dia. \u201cAl\u00e9m do sarampo h\u00e1 outras doen\u00e7as que podem ser evitadas com a imuniza\u00e7\u00e3o\u201d, destaca.<\/p>\n\n\n\n<p><strong>VACINA<\/strong>&nbsp;&#8211; O esquema vacinal do Minist\u00e9rio da Sa\u00fade recomenda que a popula\u00e7\u00e3o com idade entre um a 29 anos deve receber duas doses da vacina tr\u00edplice viral e de 30 a 49 anos, uma dose. As crian\u00e7as que t\u00eam entre seis meses e 11 meses e 29 dias tamb\u00e9m devem ser vacinadas. Acesse&nbsp;<a href=\"http:\/\/www.saude.gov.br\/saude-de-a-z\/vacinacao\/calendario-vacinacao\">AQUI<\/a>&nbsp;mais informa\u00e7\u00f5es sobre o calend\u00e1rio de vacina\u00e7\u00e3o.<\/p>\n\n\n\n<p><strong>SURTO<\/strong>&nbsp;&#8211; Paranagu\u00e1, Rio Azul e Sarandi entram para a lista de munic\u00edpios com casos da doen\u00e7a confirmados. No Paran\u00e1, 41 cidades est\u00e3o em surto por causa do sarampo, considerando que o Minist\u00e9rio da Sa\u00fade classifica como situa\u00e7\u00e3o de \u201csurto ativo\u201d todo munic\u00edpio em que tenha ao menos um caso confirmado.<\/p>\n\n\n\n<p>Confira a incid\u00eancia de sarampo por munic\u00edpio:<br><strong>Curitiba e outros 19 munic\u00edpios que integram a 2\u00aa Regional de Sa\u00fade (RS Metropolitana) somam 681 pacientes com sarampo:<\/strong><br>Curitiba: 459<br>Almirante Tamandar\u00e9: 20<br>Arauc\u00e1ria: 7<br>Balsa Nova: 2<br>Campina Grande do Sul: 6<br>Campo do Tenente: 3<br>Campo Largo: 24<br>Campo Magro: 9<br>Colombo: 52<br>Fazenda Rio Grande: 10<br>Itaperu\u00e7u: 1<br>Lapa: 2<br>Mandirituba: 1<br>Pinhais: 30<br>Piraquara: 15<br>Quatro Barras: 3<br>Quitandinha: 1<br>Rio Branco do Sul: 8<br>Rio Negro: 1<br>S\u00e3o Jos\u00e9 dos Pinhais: 27<\/p>\n\n\n\n<p><strong>No Litoral, que integra a 1\u00aa Regional de Sa\u00fade (RS Paranagu\u00e1), h\u00e1 tr\u00eas registros em tr\u00eas munic\u00edpios:<\/strong><br>Antonina: 1<br>Matinhos: 1<br>Paranagu\u00e1: 1<\/p>\n\n\n\n<p><strong>Interior:<\/strong><br>Na 3\u00aa Regional de Sa\u00fade (RS Ponta Grossa), s\u00e3o tr\u00eas casos em dois munic\u00edpios:<br>Castro: 2<br>Ponta Grossa: 1<\/p>\n\n\n\n<p>Na 4\u00aa Regional de Sa\u00fade (RS Irati) h\u00e1 confirma\u00e7\u00e3o de 10 casos em tr\u00eas cidades:<br>Irati: 5<br>Mallet: 4<br>Rio Azul: 1<\/p>\n\n\n\n<p>5\u00aa Regional de Sa\u00fade: n\u00e3o h\u00e1 casos confirmados.<\/p>\n\n\n\n<p>A 6\u00aa Regional de Sa\u00fade (RS Uni\u00e3o da Vit\u00f3ria) tem 27 registros em 5 munic\u00edpios:<br>Cruz Machado: 3<br>General Carneiro: 1<br>Paula Freitas: 5<br>S\u00e3o Mateus do Sul: 1<br>Uni\u00e3o da Vit\u00f3ria: 17<\/p>\n\n\n\n<p>7\u00aa, 8\u00aa, 9\u00aa, 10\u00aa, 11\u00aa, 12\u00aa, 13\u00aa e 14\u00aa regionais de Sa\u00fade n\u00e3o t\u00eam confirma\u00e7\u00e3o de casos de sarampo.<\/p>\n\n\n\n<p>Na 15\u00aa Regional de Sa\u00fade (RS Maring\u00e1) foram confirmados quatro casos em dois munic\u00edpios.<br>Maring\u00e1: 3<br>Sarandi: 1<\/p>\n\n\n\n<p>16\u00aa Regional de Sa\u00fade (RS Apucarana): n\u00e3o h\u00e1 casos confirmados.<\/p>\n\n\n\n<p>A 17\u00aa Regional de Sa\u00fade (RS Londrina) registra nove confirma\u00e7\u00f5es em duas cidades:<br>Londrina: 8<br>Rol\u00e2ndia: 1<\/p>\n\n\n\n<p>Na 19\u00aa Regional de Sa\u00fade (RS Jacarezinho) s\u00e3o 12 casos em dois munic\u00edpios:<br>Carl\u00f3polis: 6<br>Jacarezinho: 6<\/p>\n\n\n\n<p>A 20\u00aa Regional de Sa\u00fade (RS Toledo) tem quatro casos confirmados em duas cidades:<br>Marechal C\u00e2ndido Rondon: 1<br>Toledo: 3<\/p>\n\n\n\n<p>21\u00aa e 22\u00aa regionais n\u00e3o registram casos confirmados.<\/p>\n\n\n\n<p>Apenas duas regionais, 11\u00aa RS (Campo Mour\u00e3o) e 18\u00aa RS (Corn\u00e9lio Proc\u00f3pio), n\u00e3o t\u00eam casos notificados de sarampo, ou seja, n\u00e3o existem pacientes em investiga\u00e7\u00e3o nem confirma\u00e7\u00f5es.<\/p>\n\n\n\n<p>AEN<br><\/p>\n","protected":false},"excerpt":{"rendered":"<p>O primeiro boletim epidemiol\u00f3gico do sarampo emitido pela Secretaria de Estado da Sa\u00fade em 2020 informa que s\u00e3o 753 casos doen\u00e7a registrados no Paran\u00e1 desde o in\u00edcio de agosto. H\u00e1 pacientes com meses de vida e de at\u00e9 59 anos. A maior incid\u00eancia continua no grupo de jovens adultos, com idade entre 20 e 29 [&hellip;]<\/p>\n","protected":false},"author":2,"featured_media":25066,"comment_status":"open","ping_status":"open","sticky":false,"template":"","format":"standard","meta":{"advanced_seo_description":"","jetpack_seo_html_title":"","jetpack_seo_noindex":false,"_jetpack_memberships_contains_paid_content":false,"footnotes":""},"categories":[40],"tags":[],"class_list":{"0":"post-25065","1":"post","2":"type-post","3":"status-publish","4":"format-standard","5":"has-post-thumbnail","7":"category-destaques"},"jetpack_featured_media_url":"https:\/\/www.paranapraia.com.br\/wp-content\/uploads\/2020\/01\/Sarampo_001.jpg","jetpack_sharing_enabled":true,"_links":{"self":[{"href":"https:\/\/www.paranapraia.com.br\/index.php\/wp-json\/wp\/v2\/posts\/25065"}],"collection":[{"href":"https:\/\/www.paranapraia.com.br\/index.php\/wp-json\/wp\/v2\/posts"}],"about":[{"href":"https:\/\/www.paranapraia.com.br\/index.php\/wp-json\/wp\/v2\/types\/post"}],"author":[{"embeddable":true,"href":"https:\/\/www.paranapraia.com.br\/index.php\/wp-json\/wp\/v2\/users\/2"}],"replies":[{"embeddable":true,"href":"https:\/\/www.paranapraia.com.br\/index.php\/wp-json\/wp\/v2\/comments?post=25065"}],"version-history":[{"count":1,"href":"https:\/\/www.paranapraia.com.br\/index.php\/wp-json\/wp\/v2\/posts\/25065\/revisions"}],"predecessor-version":[{"id":25067,"href":"https:\/\/www.paranapraia.com.br\/index.php\/wp-json\/wp\/v2\/posts\/25065\/revisions\/25067"}],"wp:featuredmedia":[{"embeddable":true,"href":"https:\/\/www.paranapraia.com.br\/index.php\/wp-json\/wp\/v2\/media\/25066"}],"wp:attachment":[{"href":"https:\/\/www.paranapraia.com.br\/index.php\/wp-json\/wp\/v2\/media?parent=25065"}],"wp:term":[{"taxonomy":"category","embeddable":true,"href":"https:\/\/www.paranapraia.com.br\/index.php\/wp-json\/wp\/v2\/categories?post=25065"},{"taxonomy":"post_tag","embeddable":true,"href":"https:\/\/www.paranapraia.com.br\/index.php\/wp-json\/wp\/v2\/tags?post=25065"}],"curies":[{"name":"wp","href":"https:\/\/api.w.org\/{rel}","templated":true}]}}