{"id":25059,"date":"2020-01-17T10:37:44","date_gmt":"2020-01-17T13:37:44","guid":{"rendered":"https:\/\/www.paranapraia.com.br\/?p=25059"},"modified":"2020-01-17T10:37:48","modified_gmt":"2020-01-17T13:37:48","slug":"trabalhadores-protestam-contra-fechamento-da-fabrica-de-fertilizantes-da-petrobras","status":"publish","type":"post","link":"https:\/\/www.paranapraia.com.br\/index.php\/2020\/01\/17\/trabalhadores-protestam-contra-fechamento-da-fabrica-de-fertilizantes-da-petrobras\/","title":{"rendered":"Trabalhadores protestam contra fechamento da f\u00e1brica de fertilizantes da Petrobras"},"content":{"rendered":"\n<h4 class=\"wp-block-heading\">Manifesta\u00e7\u00e3o ocorreu no come\u00e7o da manh\u00e3 desta sexta-feira (17), em Arauc\u00e1ria, na Regi\u00e3o Metropolitana de Curitiba.<\/h4>\n\n\n\n<p>Trabalhadores protestaram no in\u00edcio da manh\u00e3 desta sexta-feira (17) contra a\u00a0o fechamento da f\u00e1brica de fertilizantes da Petrobras, em Arauc\u00e1ria, na Regi\u00e3o Metropolitana de Curitiba.<\/p>\n\n\n\n<p>A Petrobras anunciou na ter\u00e7a-feira (14) a &#8220;hiberna\u00e7\u00e3o&#8221; da f\u00e1brica de fertilizantes de sua subsidi\u00e1ria Arauc\u00e1ria Nitrogenados (ANSA) no Paran\u00e1. A decis\u00e3o resultar\u00e1 na demiss\u00e3o de 396 empregados da unidade.<\/p>\n\n\n\n<p>A decis\u00e3o sobre a hiberna\u00e7\u00e3o da unidade, que consiste na interrup\u00e7\u00e3o da produ\u00e7\u00e3o no local, vem ap\u00f3s o encerramento das tentativas de venda do ativo por mais de 2 anos, disse a estatal em comunicado.<\/p>\n\n\n\n<p>Segundo a Petrobras, a decis\u00e3o est\u00e1 de acordo com o posicionamento estrat\u00e9gico de sair integralmente do neg\u00f3cio de fertilizantes.<\/p>\n\n\n\n<p>No in\u00edcio de 2018, a Petrobras decidiu hibernar tamb\u00e9m\u00a0duas deficit\u00e1rias f\u00e1bricas de fertilizantes no Sergipe (Fafen-SE) e na Bahia (Fafen-BA).<\/p>\n\n\n\n<p>G1PR<br><\/p>\n","protected":false},"excerpt":{"rendered":"<p>Manifesta\u00e7\u00e3o ocorreu no come\u00e7o da manh\u00e3 desta sexta-feira (17), em Arauc\u00e1ria, na Regi\u00e3o Metropolitana de Curitiba. Trabalhadores protestaram no in\u00edcio da manh\u00e3 desta sexta-feira (17) contra a\u00a0o fechamento da f\u00e1brica de fertilizantes da Petrobras, em Arauc\u00e1ria, na Regi\u00e3o Metropolitana de Curitiba. A Petrobras anunciou na ter\u00e7a-feira (14) a &#8220;hiberna\u00e7\u00e3o&#8221; da f\u00e1brica de fertilizantes de sua [&hellip;]<\/p>\n","protected":false},"author":2,"featured_media":25060,"comment_status":"open","ping_status":"open","sticky":false,"template":"","format":"standard","meta":{"advanced_seo_description":"","jetpack_seo_html_title":"","jetpack_seo_noindex":false,"_jetpack_memberships_contains_paid_content":false,"footnotes":""},"categories":[40],"tags":[],"class_list":{"0":"post-25059","1":"post","2":"type-post","3":"status-publish","4":"format-standard","5":"has-post-thumbnail","7":"category-destaques"},"jetpack_featured_media_url":"https:\/\/www.paranapraia.com.br\/wp-content\/uploads\/2020\/01\/protesto-em-araucaria-foi-realizado-na-manha-desta-sexta-feira-17-.jpg","jetpack_sharing_enabled":true,"_links":{"self":[{"href":"https:\/\/www.paranapraia.com.br\/index.php\/wp-json\/wp\/v2\/posts\/25059"}],"collection":[{"href":"https:\/\/www.paranapraia.com.br\/index.php\/wp-json\/wp\/v2\/posts"}],"about":[{"href":"https:\/\/www.paranapraia.com.br\/index.php\/wp-json\/wp\/v2\/types\/post"}],"author":[{"embeddable":true,"href":"https:\/\/www.paranapraia.com.br\/index.php\/wp-json\/wp\/v2\/users\/2"}],"replies":[{"embeddable":true,"href":"https:\/\/www.paranapraia.com.br\/index.php\/wp-json\/wp\/v2\/comments?post=25059"}],"version-history":[{"count":1,"href":"https:\/\/www.paranapraia.com.br\/index.php\/wp-json\/wp\/v2\/posts\/25059\/revisions"}],"predecessor-version":[{"id":25061,"href":"https:\/\/www.paranapraia.com.br\/index.php\/wp-json\/wp\/v2\/posts\/25059\/revisions\/25061"}],"wp:featuredmedia":[{"embeddable":true,"href":"https:\/\/www.paranapraia.com.br\/index.php\/wp-json\/wp\/v2\/media\/25060"}],"wp:attachment":[{"href":"https:\/\/www.paranapraia.com.br\/index.php\/wp-json\/wp\/v2\/media?parent=25059"}],"wp:term":[{"taxonomy":"category","embeddable":true,"href":"https:\/\/www.paranapraia.com.br\/index.php\/wp-json\/wp\/v2\/categories?post=25059"},{"taxonomy":"post_tag","embeddable":true,"href":"https:\/\/www.paranapraia.com.br\/index.php\/wp-json\/wp\/v2\/tags?post=25059"}],"curies":[{"name":"wp","href":"https:\/\/api.w.org\/{rel}","templated":true}]}}