{"id":24802,"date":"2020-01-05T18:15:51","date_gmt":"2020-01-05T21:15:51","guid":{"rendered":"https:\/\/www.paranapraia.com.br\/?p=24802"},"modified":"2020-01-05T18:15:52","modified_gmt":"2020-01-05T21:15:52","slug":"menina-de-nove-meses-e-abandonada-em-sorveteria-no-parana-fiquei-meio-sem-acao-diz-comerciante","status":"publish","type":"post","link":"https:\/\/www.paranapraia.com.br\/index.php\/2020\/01\/05\/menina-de-nove-meses-e-abandonada-em-sorveteria-no-parana-fiquei-meio-sem-acao-diz-comerciante\/","title":{"rendered":"Menina de nove meses \u00e9 abandonada em sorveteria no Paran\u00e1: &#8216;Fiquei meio sem a\u00e7\u00e3o&#8217;, diz comerciante"},"content":{"rendered":"\n<h4 class=\"wp-block-heading\">Caso foi atendido pela Pol\u00edcia Militar na tarde de sexta-feira (3) em Colombo, na Regi\u00e3o Metropolitana de Curitiba.<\/h4>\n\n\n\n<p>Uma beb\u00ea de nove meses foi abandonada em uma sorveteira de Colombo, na Regi\u00e3o Metropolitana de Curitiba, na tarde de sexta-feira (3), segundo a Pol\u00edcia Militar (PM).<\/p>\n\n\n\n<p>A menina foi levada para atendimento m\u00e9dico e, depois, encaminhada ao Conselho Tutelar e est\u00e1 em uma casa de apoio. De acordo com o Conselho Tutelar, a menina est\u00e1 bem.<\/p>\n\n\n\n<p>A conselheira tutelar de plant\u00e3o, Elis\u00e2ngela Rios, informou que o Judici\u00e1rio foi acionado e que neste momento \u00e9 aguardada a manifesta\u00e7\u00e3o do Minist\u00e9rio P\u00fablico do Paran\u00e1 (MP-PR).<\/p>\n\n\n\n<h2 class=\"wp-block-heading\">O abandono<\/h2>\n\n\n\n<p>O carrinho com a beb\u00ea foi deixado em frente \u00e0 sorveteria de Rafael Souza Camargo.<\/p>\n\n\n\n<p>Ele conta que no momento em que tudo ocorreu estava atendendo clientes, mas ouviu quando uma mulher falou que ia deixar o carrinho ali e que outra pessoa passaria para pegar. Entretanto, ningu\u00e9m apareceu.<\/p>\n\n\n\n<blockquote class=\"wp-block-quote is-layout-flow wp-block-quote-is-layout-flow\"><p>\u201cEu fiquei meio sem a\u00e7\u00e3o. Ela ficou dois minutos quietinha e depois come\u00e7ou a chorar\u201d, lembrou o comerciante.<\/p><\/blockquote>\n\n\n\n<p>Rafael Camargo disse que depois de 10 minutos, decidiu ligar para a esposa dele, pedindo ajuda, e acionar a pol\u00edcia.<\/p>\n\n\n\n<p>\u201cMinha mulher ficou chocada. Estamos esperando um beb\u00ea tamb\u00e9m. Ela est\u00e1 gr\u00e1vida de cinco meses\u201d, contou Camargo.<\/p>\n\n\n\n<p>Ele disse que no carrinho havia uma mochila com um endere\u00e7o. Camargo e a esposa foram ao local e relataram o que havia acontecido, segundo ele, para uma tia da mulher.<\/p>\n\n\n\n<h2 class=\"wp-block-heading\">Investiga\u00e7\u00e3o<\/h2>\n\n\n\n<p>A Pol\u00edcia Civil informou que est\u00e1 investigando o caso e que a m\u00e3e da crian\u00e7a foi identificada.<\/p>\n\n\n\n<p>G1PR<br><\/p>\n","protected":false},"excerpt":{"rendered":"<p>Caso foi atendido pela Pol\u00edcia Militar na tarde de sexta-feira (3) em Colombo, na Regi\u00e3o Metropolitana de Curitiba. Uma beb\u00ea de nove meses foi abandonada em uma sorveteira de Colombo, na Regi\u00e3o Metropolitana de Curitiba, na tarde de sexta-feira (3), segundo a Pol\u00edcia Militar (PM). A menina foi levada para atendimento m\u00e9dico e, depois, encaminhada [&hellip;]<\/p>\n","protected":false},"author":2,"featured_media":24803,"comment_status":"open","ping_status":"open","sticky":false,"template":"","format":"standard","meta":{"advanced_seo_description":"","jetpack_seo_html_title":"","jetpack_seo_noindex":false,"_jetpack_memberships_contains_paid_content":false,"footnotes":""},"categories":[40],"tags":[],"class_list":{"0":"post-24802","1":"post","2":"type-post","3":"status-publish","4":"format-standard","5":"has-post-thumbnail","7":"category-destaques"},"jetpack_featured_media_url":"https:\/\/www.paranapraia.com.br\/wp-content\/uploads\/2020\/01\/crianca.jpg","jetpack_sharing_enabled":true,"_links":{"self":[{"href":"https:\/\/www.paranapraia.com.br\/index.php\/wp-json\/wp\/v2\/posts\/24802"}],"collection":[{"href":"https:\/\/www.paranapraia.com.br\/index.php\/wp-json\/wp\/v2\/posts"}],"about":[{"href":"https:\/\/www.paranapraia.com.br\/index.php\/wp-json\/wp\/v2\/types\/post"}],"author":[{"embeddable":true,"href":"https:\/\/www.paranapraia.com.br\/index.php\/wp-json\/wp\/v2\/users\/2"}],"replies":[{"embeddable":true,"href":"https:\/\/www.paranapraia.com.br\/index.php\/wp-json\/wp\/v2\/comments?post=24802"}],"version-history":[{"count":1,"href":"https:\/\/www.paranapraia.com.br\/index.php\/wp-json\/wp\/v2\/posts\/24802\/revisions"}],"predecessor-version":[{"id":24804,"href":"https:\/\/www.paranapraia.com.br\/index.php\/wp-json\/wp\/v2\/posts\/24802\/revisions\/24804"}],"wp:featuredmedia":[{"embeddable":true,"href":"https:\/\/www.paranapraia.com.br\/index.php\/wp-json\/wp\/v2\/media\/24803"}],"wp:attachment":[{"href":"https:\/\/www.paranapraia.com.br\/index.php\/wp-json\/wp\/v2\/media?parent=24802"}],"wp:term":[{"taxonomy":"category","embeddable":true,"href":"https:\/\/www.paranapraia.com.br\/index.php\/wp-json\/wp\/v2\/categories?post=24802"},{"taxonomy":"post_tag","embeddable":true,"href":"https:\/\/www.paranapraia.com.br\/index.php\/wp-json\/wp\/v2\/tags?post=24802"}],"curies":[{"name":"wp","href":"https:\/\/api.w.org\/{rel}","templated":true}]}}