{"id":24789,"date":"2020-01-03T19:28:17","date_gmt":"2020-01-03T22:28:17","guid":{"rendered":"https:\/\/www.paranapraia.com.br\/?p=24789"},"modified":"2020-01-03T19:28:21","modified_gmt":"2020-01-03T22:28:21","slug":"governo-nao-comentara-morte-de-general-do-ira-por-nao-ter-poderio-belico-dos-eua-diz-bolsonaro","status":"publish","type":"post","link":"https:\/\/www.paranapraia.com.br\/index.php\/2020\/01\/03\/governo-nao-comentara-morte-de-general-do-ira-por-nao-ter-poderio-belico-dos-eua-diz-bolsonaro\/","title":{"rendered":"Governo n\u00e3o comentar\u00e1 morte de general do Ir\u00e3 por n\u00e3o ter &#8216;poderio b\u00e9lico dos EUA&#8217;, diz Bolsonaro"},"content":{"rendered":"\n<h4 class=\"wp-block-heading\">Qassem Soleimani foi morto nesta quinta-feira (2) em Bagd\u00e1, no Iraque, em um bombardeio ordenado pelo presidente dos Estados Unidos, Donald Trump.<\/h4>\n\n\n\n<p>O presidente\u00a0Jair Bolsonaro\u00a0afirmou na tarde desta sexta-feira (3) que o governo brasileiro n\u00e3o vai se manifestar sobre a\u00a0morte do general iraniano\u00a0Qassem Soleimani por n\u00e3o ter o &#8220;poderio b\u00e9lico&#8221; dos Estados Unidos.<\/p>\n\n\n\n<p>&#8220;Eu n\u00e3o tenho o poderio b\u00e9lico que o americano tem para opinar neste momento. Se tivesse, eu opinaria&#8221;, afirmou ao ser questionado sobre como o Brasil via a atitude dos Estados Unidos.<\/p>\n\n\n\n<p>Soleimani foi morto nesta quinta-feira (2) em Bagd\u00e1, no Iraque, em um bombardeio ordenado pelo presidente dos Estados Unidos,\u00a0Donald Trump. O general\u00a0era o l\u00edder da For\u00e7a Al Quds, unidade especial da Guarda Revolucion\u00e1ria.<\/p>\n\n\n\n<p>Bolsonaro disse que, por enquanto, est\u00e1 descartada manifesta\u00e7\u00e3o do Brasil sobre o tema por meio do Itamaraty. O presidente foi questionado pelos jornalistas na sa\u00edda de um hospital em Bas\u00edlia onde a primeira-dama Michelle Bolsonaro est\u00e1 internada\u00a0por conta de uma cirurgia pl\u00e1stica.<\/p>\n\n\n\n<p>O presidente afirmou conversar com autoridades americanas e que os dois pa\u00edses s\u00e3o aliados em muitas quest\u00f5es. Por\u00e9m, n\u00e3o detalhou o posicionamento do Brasil diante dos Estados Unidos e se limitou a dizer que essas conversas s\u00e3o reservadas.<\/p>\n\n\n\n<p>Sobre se haveria alguma san\u00e7\u00e3o por parte do Brasil, Bolsonaro disse: &#8220;N\u00e3o, n\u00e3o h\u00e1. Tudo fica no radar, tudo fica na mesa&#8221;.<\/p>\n\n\n\n<p>O presidente disse saber do poderio b\u00e9lico e econ\u00f4mico do Brasil, que, diz ele, deixou muito a desejar nos \u00faltimos trinta anos.<\/p>\n\n\n\n<p>&#8220;Uma corrida para recalcar as For\u00e7as Armadas num n\u00edvel mais baixo poss\u00edvel. Por que? Porque n\u00f3s sempre fomos o \u00faltimo obst\u00e1culo para o sonho deles que era o socialismo e isso n\u00f3s levamos em conta. Voc\u00ea n\u00e3o faz as For\u00e7as Armadas, n\u00e3o recupera de uma hora pra outra. Acredito que n\u00f3s devemos ter umas For\u00e7as Armadas melhor preparada belicamente e material para os pr\u00f3ximos anos&#8221;, completou.<\/p>\n\n\n\n<p>Sobre se h\u00e1 uma meta de investimentos nas For\u00e7as Armadas, Bolsonaro disse que devem ser de acordo com o andamento da economia.<\/p>\n\n\n\n<p>&#8220;Agora, no meu entender, \u00e9 investimento, \u00e9 garantia, \u00e9 a certeza de democracia e liberdade as For\u00e7as Armadas&#8221;, afirmou.<\/p>\n\n\n\n<h2 class=\"wp-block-heading\">Petr\u00f3leo<\/h2>\n\n\n\n<p>Nesta sexta, Bolsonaro reuniu-se com o ministro do Gabinete de Seguran\u00e7a Institucional (GSI),\u00a0general Augusto Heleno, para tratar da morte do general iraniano.<\/p>\n\n\n\n<p>De acordo com o presidente, h\u00e1 uma estrat\u00e9gia sobre &#8220;como proceder no desenrolar dos fatos&#8221; e que o mais preocupante \u00e9 uma eventual alta do petr\u00f3leo.<\/p>\n\n\n\n<p>Bolsonaro disse ter conversado com o presidente da\u00a0Petrobras, Roberto Castello Branco, e que a expectativa \u00e9 a de que os pre\u00e7os voltem \u00e0 normalidade em poucos dia, a exemplo do que ocorreu em setembro quando drones bombardearam instala\u00e7\u00f5es de petr\u00f3leo da Ar\u00e1bia Saudita.<\/p>\n\n\n\n<p>Caso o pre\u00e7o do petr\u00f3leo dispare, Bolsonaro afirmou que &#8220;com toda certeza&#8221; ser\u00e1 necess\u00e1rio tomar provid\u00eancia.<\/p>\n\n\n\n<p>&#8220;Eu converso com o almirante Bento [ministro de Minas e Energia], com o presidente da Petrobras e com o\u00a0Paulo Guedes\u00a0e n\u00f3s temos uma linha de n\u00e3o interferir, mas acompanhar e buscar solu\u00e7\u00f5es. A gente apela aos governadores. Vamos supor que aumente 20% o pre\u00e7o do petr\u00f3leo, vai aumentar 20% o ICMS, n\u00e3o d\u00e1 para os governadores cederem um pouco nisso tamb\u00e9m? Porque todo mundo perde. Quando voc\u00ea mexe em combust\u00edvel, toda nossa economia \u00e9 afetada nesta quest\u00e3o&#8221;, afirmou.<\/p>\n\n\n\n<p>G1<br><\/p>\n","protected":false},"excerpt":{"rendered":"<p>Qassem Soleimani foi morto nesta quinta-feira (2) em Bagd\u00e1, no Iraque, em um bombardeio ordenado pelo presidente dos Estados Unidos, Donald Trump. O presidente\u00a0Jair Bolsonaro\u00a0afirmou na tarde desta sexta-feira (3) que o governo brasileiro n\u00e3o vai se manifestar sobre a\u00a0morte do general iraniano\u00a0Qassem Soleimani por n\u00e3o ter o &#8220;poderio b\u00e9lico&#8221; dos Estados Unidos. &#8220;Eu n\u00e3o [&hellip;]<\/p>\n","protected":false},"author":2,"featured_media":24588,"comment_status":"open","ping_status":"open","sticky":false,"template":"","format":"standard","meta":{"advanced_seo_description":"","jetpack_seo_html_title":"","jetpack_seo_noindex":false,"_jetpack_memberships_contains_paid_content":false,"footnotes":""},"categories":[32],"tags":[],"class_list":{"0":"post-24789","1":"post","2":"type-post","3":"status-publish","4":"format-standard","5":"has-post-thumbnail","7":"category-politica"},"jetpack_featured_media_url":"https:\/\/www.paranapraia.com.br\/wp-content\/uploads\/2020\/01\/noticia_912946_img1_bolsonaro.jpg","jetpack_sharing_enabled":true,"_links":{"self":[{"href":"https:\/\/www.paranapraia.com.br\/index.php\/wp-json\/wp\/v2\/posts\/24789"}],"collection":[{"href":"https:\/\/www.paranapraia.com.br\/index.php\/wp-json\/wp\/v2\/posts"}],"about":[{"href":"https:\/\/www.paranapraia.com.br\/index.php\/wp-json\/wp\/v2\/types\/post"}],"author":[{"embeddable":true,"href":"https:\/\/www.paranapraia.com.br\/index.php\/wp-json\/wp\/v2\/users\/2"}],"replies":[{"embeddable":true,"href":"https:\/\/www.paranapraia.com.br\/index.php\/wp-json\/wp\/v2\/comments?post=24789"}],"version-history":[{"count":1,"href":"https:\/\/www.paranapraia.com.br\/index.php\/wp-json\/wp\/v2\/posts\/24789\/revisions"}],"predecessor-version":[{"id":24790,"href":"https:\/\/www.paranapraia.com.br\/index.php\/wp-json\/wp\/v2\/posts\/24789\/revisions\/24790"}],"wp:featuredmedia":[{"embeddable":true,"href":"https:\/\/www.paranapraia.com.br\/index.php\/wp-json\/wp\/v2\/media\/24588"}],"wp:attachment":[{"href":"https:\/\/www.paranapraia.com.br\/index.php\/wp-json\/wp\/v2\/media?parent=24789"}],"wp:term":[{"taxonomy":"category","embeddable":true,"href":"https:\/\/www.paranapraia.com.br\/index.php\/wp-json\/wp\/v2\/categories?post=24789"},{"taxonomy":"post_tag","embeddable":true,"href":"https:\/\/www.paranapraia.com.br\/index.php\/wp-json\/wp\/v2\/tags?post=24789"}],"curies":[{"name":"wp","href":"https:\/\/api.w.org\/{rel}","templated":true}]}}