{"id":24507,"date":"2019-12-23T17:27:13","date_gmt":"2019-12-23T20:27:13","guid":{"rendered":"https:\/\/www.paranapraia.com.br\/?p=24507"},"modified":"2019-12-23T17:27:14","modified_gmt":"2019-12-23T20:27:14","slug":"primeira-modelo-com-sindrome-de-down-a-desfilar-nas-passarelas-do-brasil-fashion-week","status":"publish","type":"post","link":"https:\/\/www.paranapraia.com.br\/index.php\/2019\/12\/23\/primeira-modelo-com-sindrome-de-down-a-desfilar-nas-passarelas-do-brasil-fashion-week\/","title":{"rendered":"Primeira modelo com S\u00edndrome de Down a desfilar nas passarelas do Brasil Fashion Week"},"content":{"rendered":"\n<p>O m\u00eas de Novembro est\u00e1 sendo um m\u00eas marcante na vida da modelo carioca Maju de Ara\u00fajo! Ela, que foi a primeira modelo com S\u00edndrome de Down, a estrear nas passarelas do Brasil Eco Fashion Week.\u00a0 Ela que tamb\u00e9m ir\u00e1 desfilar no maior evento de moda de Bras\u00edlia o Bras\u00edlia Trends, no dia 30!!! Mas antes, no dia 28, ela brilhou no Desfile de lan\u00e7amento &#8220;Moda para comer com os olhos&#8221;, do estilista Guilherme Tavares, que teve a original ideia de transformar alimentos em alta costura, imprimindo um estilo exclusivo, inspirando artistas como Katy Perry e Lady Gaga que vestiram guloseimas e carne em suas apari\u00e7\u00f5es e vestindo artistas nacionais como Ana Furtado e Sthefany Brito! Maju desfilou um de seus originais modelos e claro, trazendo muito charme para esse lan\u00e7amento! Maju formou-se como modelo profissional pelo conceituado curso School Models, no dia 20.<\/p>\n\n\n\n<p>Ufa!!! N\u00e3o h\u00e1 d\u00favidas de que esse m\u00eas est\u00e1 sendo um grande portal para o caminho de tantos outros sonhos que ainda ser\u00e3o realizados na vida da Maju, que ao longo dessa jornada nos conquistou e cativou com seu carisma, sua hist\u00f3ria, sua empatia e sua for\u00e7a de vontade! Mas calma que o m\u00eas ainda n\u00e3o acabou e os sonhos continuam mostrando-se reais para a modelo carioca! Muitas marcas a procuram como sua New Face! E quem n\u00e3o quer t\u00ea-la como s\u00edmbolo de representatividade n\u00e3o \u00e9 mesmo?&nbsp; &nbsp;<br><br>Ela, que promove a campanha:<\/p>\n\n\n\n<p>&#8220;Inclus\u00e3o n\u00e3o \u00e9 moda, inclus\u00e3o \u00e9 cidadania&#8221; j\u00e1 coleciona dezenas de milhares se seguidores e tem uma grande legi\u00e3o de f\u00e3s acompanhando sua hist\u00f3ria atrav\u00e9s do @majudearaujo!<\/p>\n\n\n\n<p>Cartao Visita<br><\/p>\n\n\n\n<p><br><\/p>\n","protected":false},"excerpt":{"rendered":"<p>O m\u00eas de Novembro est\u00e1 sendo um m\u00eas marcante na vida da modelo carioca Maju de Ara\u00fajo! Ela, que foi a primeira modelo com S\u00edndrome de Down, a estrear nas passarelas do Brasil Eco Fashion Week.\u00a0 Ela que tamb\u00e9m ir\u00e1 desfilar no maior evento de moda de Bras\u00edlia o Bras\u00edlia Trends, no dia 30!!! Mas [&hellip;]<\/p>\n","protected":false},"author":2,"featured_media":24508,"comment_status":"open","ping_status":"open","sticky":false,"template":"","format":"standard","meta":{"advanced_seo_description":"","jetpack_seo_html_title":"","jetpack_seo_noindex":false,"_jetpack_memberships_contains_paid_content":false,"footnotes":""},"categories":[50],"tags":[],"class_list":{"0":"post-24507","1":"post","2":"type-post","3":"status-publish","4":"format-standard","5":"has-post-thumbnail","7":"category-saude"},"jetpack_featured_media_url":"https:\/\/www.paranapraia.com.br\/wp-content\/uploads\/2019\/12\/Texto.jpg","jetpack_sharing_enabled":true,"_links":{"self":[{"href":"https:\/\/www.paranapraia.com.br\/index.php\/wp-json\/wp\/v2\/posts\/24507"}],"collection":[{"href":"https:\/\/www.paranapraia.com.br\/index.php\/wp-json\/wp\/v2\/posts"}],"about":[{"href":"https:\/\/www.paranapraia.com.br\/index.php\/wp-json\/wp\/v2\/types\/post"}],"author":[{"embeddable":true,"href":"https:\/\/www.paranapraia.com.br\/index.php\/wp-json\/wp\/v2\/users\/2"}],"replies":[{"embeddable":true,"href":"https:\/\/www.paranapraia.com.br\/index.php\/wp-json\/wp\/v2\/comments?post=24507"}],"version-history":[{"count":1,"href":"https:\/\/www.paranapraia.com.br\/index.php\/wp-json\/wp\/v2\/posts\/24507\/revisions"}],"predecessor-version":[{"id":24509,"href":"https:\/\/www.paranapraia.com.br\/index.php\/wp-json\/wp\/v2\/posts\/24507\/revisions\/24509"}],"wp:featuredmedia":[{"embeddable":true,"href":"https:\/\/www.paranapraia.com.br\/index.php\/wp-json\/wp\/v2\/media\/24508"}],"wp:attachment":[{"href":"https:\/\/www.paranapraia.com.br\/index.php\/wp-json\/wp\/v2\/media?parent=24507"}],"wp:term":[{"taxonomy":"category","embeddable":true,"href":"https:\/\/www.paranapraia.com.br\/index.php\/wp-json\/wp\/v2\/categories?post=24507"},{"taxonomy":"post_tag","embeddable":true,"href":"https:\/\/www.paranapraia.com.br\/index.php\/wp-json\/wp\/v2\/tags?post=24507"}],"curies":[{"name":"wp","href":"https:\/\/api.w.org\/{rel}","templated":true}]}}