{"id":24504,"date":"2019-12-23T17:15:02","date_gmt":"2019-12-23T20:15:02","guid":{"rendered":"https:\/\/www.paranapraia.com.br\/?p=24504"},"modified":"2019-12-23T17:15:04","modified_gmt":"2019-12-23T20:15:04","slug":"licenca-maternidade-pode-ser-ampliada-para-180-dias","status":"publish","type":"post","link":"https:\/\/www.paranapraia.com.br\/index.php\/2019\/12\/23\/licenca-maternidade-pode-ser-ampliada-para-180-dias\/","title":{"rendered":"Licen\u00e7a maternidade pode ser ampliada para 180 dias"},"content":{"rendered":"\n<h4 class=\"wp-block-heading\">O m\u00e9rito desta PEC vai ser analisado por uma comiss\u00e3o especial a ser criada e, em seguida, pelo Plen\u00e1rio, onde dever\u00e1 ser votada em dois turnos<\/h4>\n\n\n\n<p> A Comiss\u00e3o de Constitui\u00e7\u00e3o e Justi\u00e7a e de Cidadania (CCJ) da C\u00e2mara dos Deputados aprovou nesta semana a admissibilidade da Proposta de Emenda \u00e0 Constitui\u00e7\u00e3o (PEC) 158\/19, que amplia a licen\u00e7a-maternidade dos atuais 120 dias para 180 dias para todas as trabalhadoras. Pela lei atual, a licen\u00e7a de 180 dias s\u00f3 \u00e9 poss\u00edvel para as mulheres que trabalhem em empresas participantes do Programa Empresa Cidad\u00e3.<\/p>\n\n\n\n<p><br>Al\u00e9m disso, o texto assegura a licen\u00e7a-maternidade de 120 dias para as deputadas e senadoras, que poder\u00e3o ser prorrog\u00e1veis por mais 60 dias. No caso, o suplente s\u00f3 vai ser convocado se o afastamento for superior a 180 dias. Hoje, a Constitui\u00e7\u00e3o n\u00e3o prev\u00ea esse tipo de licen\u00e7a para as congressistas.<\/p>\n\n\n\n<p><br>Segundo a relatora da proposta, deputada Margarete Coelho (PP-PI), nada \u00e9 mais justo do que universalizar este benef\u00edcio para todas as trabalhadoras.<br>\u201cEsse tempo \u00e9 um tempo m\u00ednimo, n\u00e3o \u00e9 um tempo m\u00e1ximo. J\u00e1 diversas empresas que adotam 180 dias, inclusive a pr\u00f3pria Justi\u00e7a do Trabalho \u2013 eu digo isso porque a minha filha acabou de ser m\u00e3e agora e a licen\u00e7a dela j\u00e1 \u00e9 de 180 dias. V\u00e1rias empresas, que s\u00e3o declaradas amigas da crian\u00e7a, tamb\u00e9m concedem esse prazo. Ent\u00e3o, nada mais justo que isso seja universalizado\u201d, ressalta.<\/p>\n\n\n\n<p><br>O m\u00e9rito desta Proposta de Emenda \u00e0 Constitui\u00e7\u00e3o vai ser analisado por uma comiss\u00e3o especial a ser criada e, em seguida, pelo Plen\u00e1rio, onde dever\u00e1 ser votada em dois turnos.<\/p>\n\n\n\n<p><br>Fonte: Ag\u00eancia do R\u00e1dio Mais<br><\/p>\n","protected":false},"excerpt":{"rendered":"<p>O m\u00e9rito desta PEC vai ser analisado por uma comiss\u00e3o especial a ser criada e, em seguida, pelo Plen\u00e1rio, onde dever\u00e1 ser votada em dois turnos A Comiss\u00e3o de Constitui\u00e7\u00e3o e Justi\u00e7a e de Cidadania (CCJ) da C\u00e2mara dos Deputados aprovou nesta semana a admissibilidade da Proposta de Emenda \u00e0 Constitui\u00e7\u00e3o (PEC) 158\/19, que amplia [&hellip;]<\/p>\n","protected":false},"author":2,"featured_media":24505,"comment_status":"open","ping_status":"open","sticky":false,"template":"","format":"standard","meta":{"advanced_seo_description":"","jetpack_seo_html_title":"","jetpack_seo_noindex":false,"_jetpack_memberships_contains_paid_content":false,"footnotes":""},"categories":[40],"tags":[],"class_list":{"0":"post-24504","1":"post","2":"type-post","3":"status-publish","4":"format-standard","5":"has-post-thumbnail","7":"category-destaques"},"jetpack_featured_media_url":"https:\/\/www.paranapraia.com.br\/wp-content\/uploads\/2019\/12\/2019-12-20-maternidade-amamenta\u00e7\u00e3o1.jpg","jetpack_sharing_enabled":true,"_links":{"self":[{"href":"https:\/\/www.paranapraia.com.br\/index.php\/wp-json\/wp\/v2\/posts\/24504"}],"collection":[{"href":"https:\/\/www.paranapraia.com.br\/index.php\/wp-json\/wp\/v2\/posts"}],"about":[{"href":"https:\/\/www.paranapraia.com.br\/index.php\/wp-json\/wp\/v2\/types\/post"}],"author":[{"embeddable":true,"href":"https:\/\/www.paranapraia.com.br\/index.php\/wp-json\/wp\/v2\/users\/2"}],"replies":[{"embeddable":true,"href":"https:\/\/www.paranapraia.com.br\/index.php\/wp-json\/wp\/v2\/comments?post=24504"}],"version-history":[{"count":1,"href":"https:\/\/www.paranapraia.com.br\/index.php\/wp-json\/wp\/v2\/posts\/24504\/revisions"}],"predecessor-version":[{"id":24506,"href":"https:\/\/www.paranapraia.com.br\/index.php\/wp-json\/wp\/v2\/posts\/24504\/revisions\/24506"}],"wp:featuredmedia":[{"embeddable":true,"href":"https:\/\/www.paranapraia.com.br\/index.php\/wp-json\/wp\/v2\/media\/24505"}],"wp:attachment":[{"href":"https:\/\/www.paranapraia.com.br\/index.php\/wp-json\/wp\/v2\/media?parent=24504"}],"wp:term":[{"taxonomy":"category","embeddable":true,"href":"https:\/\/www.paranapraia.com.br\/index.php\/wp-json\/wp\/v2\/categories?post=24504"},{"taxonomy":"post_tag","embeddable":true,"href":"https:\/\/www.paranapraia.com.br\/index.php\/wp-json\/wp\/v2\/tags?post=24504"}],"curies":[{"name":"wp","href":"https:\/\/api.w.org\/{rel}","templated":true}]}}