{"id":24491,"date":"2019-12-23T16:52:23","date_gmt":"2019-12-23T19:52:23","guid":{"rendered":"https:\/\/www.paranapraia.com.br\/?p=24491"},"modified":"2019-12-23T16:52:25","modified_gmt":"2019-12-23T19:52:25","slug":"crianca-escreve-carta-sob-luz-do-poste-e-pede-ao-papai-noel-dinheiro-para-a-passagem-de-onibus-e-luz-dentro-de-casa","status":"publish","type":"post","link":"https:\/\/www.paranapraia.com.br\/index.php\/2019\/12\/23\/crianca-escreve-carta-sob-luz-do-poste-e-pede-ao-papai-noel-dinheiro-para-a-passagem-de-onibus-e-luz-dentro-de-casa\/","title":{"rendered":"Crian\u00e7a escreve carta sob luz do poste e pede ao Papai Noel &#8216;dinheiro para a passagem de \u00f4nibus&#8217; e &#8216;luz dentro de casa&#8217;"},"content":{"rendered":"\n<h4 class=\"wp-block-heading\">Rafaele Raquel do Nascimento, de 11 anos, mora no Residencial Salva\u00e7\u00e3o e estuda sob a luz do poste porque na pr\u00f3pria casa a energia foi cortada h\u00e1 6 meses.<\/h4>\n\n\n\n<p>\u00c0 luz de um poste e sentada na porta de casa, uma menina de 11 anos depositou em uma carta ao Papai Noel a esperan\u00e7a em continuar estudando em Santar\u00e9m, no oeste do Par\u00e1. Rafaele Raquel do Nascimento pediu dinheiro para pagar passagem do \u00f4nibus que a leva \u00e0 escola numa viagem de 50 minutos. A carta ainda n\u00e3o foi adotada.<\/p>\n\n\n\n<figure class=\"wp-block-image\"><img decoding=\"async\" src=\"https:\/\/s2.glbimg.com\/I4LZBGWzVuHkiITWTw9eW5Z48_w=\/0x0:1000x750\/984x0\/smart\/filters:strip_icc()\/i.s3.glbimg.com\/v1\/AUTH_59edd422c0c84a879bd37670ae4f538a\/internal_photos\/bs\/2019\/M\/y\/wAdeiASuC0ABoZz46G1A\/whatsapp-image-2019-12-20-at-21.46.08-1-.jpeg\" alt=\"Sentada na porta de casa, Rafaele realiza as tarefas da escola   \u2014 Foto: Geovane Brito\/G1\"\/><\/figure>\n\n\n\n<p>Sentada na porta de casa, Rafaele realiza as tarefas da escola \u2014 Foto: Geovane Brito\/G1<\/p>\n\n\n\n<p>Com letrinhas desenhadas em um pedacinho de papel, Rafaele acreditou na magia no Natal e, apesar das dificuldades impostas pela vida, sempre conta com o apoio da m\u00e3e para nunca deixar de sonhar.<\/p>\n\n\n\n<p>A hist\u00f3ria da menina come\u00e7ou ser rabiscada pelo destino a partir dos olhos de um professor. Sidney Nascimento passou em frente \u00e0 casa da menina, no Residencial Salva\u00e7\u00e3o, e a viu sentada na porta estudando sob a luz do poste &#8211; \u00fanica fonte de ilumina\u00e7\u00e3o \u00e0 noite. Na casa da fam\u00edlia, a energia el\u00e9trica foi cortada em julho deste ano.<\/p>\n\n\n\n<p>O professor pegou a cartinha e come\u00e7ou a andar pela cidade em busca de padrinhos dispostos a adotarem os pedidos.<\/p>\n\n\n\n<figure class=\"wp-block-image\"><img decoding=\"async\" src=\"https:\/\/s2.glbimg.com\/7fuA_Q2yr1x2MqfSU8QNWg2-5dk=\/0x0:1280x960\/984x0\/smart\/filters:strip_icc()\/i.s3.glbimg.com\/v1\/AUTH_59edd422c0c84a879bd37670ae4f538a\/internal_photos\/bs\/2019\/8\/k\/GF9ng1S6eyQ3KzImmzgg\/whatsapp-image-2019-12-20-at-18.55.43.jpeg\" alt=\"Rafaele Raquel tem 11 anos e estuda o sexto do ensino fundamental  \u2014 Foto: Geovane Brito\/G1\"\/><\/figure>\n\n\n\n<p>Rafaele Raquel tem 11 anos e estuda o sexto do ensino fundamental \u2014 Foto: Geovane Brito\/G1<\/p>\n\n\n\n<h2 class=\"wp-block-heading\">Tr\u00eas pedidos cheios de esperan\u00e7a<\/h2>\n\n\n\n<p>Entre palavras contando como est\u00e1 a vida da fam\u00edlia, Rafaele fez tr\u00eas pedidos ao bom velhinho:<\/p>\n\n\n\n<ul class=\"wp-block-list\"><li>Dinheiro para comprar passagens de \u00f4nibus e continuar os estudos;<\/li><li>Brinquedos para brincar de casinha com as duas irm\u00e3s; e<\/li><li>pagamento da conta de energia el\u00e9trica para que a energia seja restabelecida e ela possa estudar dentro de casa.<\/li><\/ul>\n\n\n\n<blockquote class=\"wp-block-quote is-layout-flow wp-block-quote-is-layout-flow\"><p>\u201cEu comecei escrever porque eu quero ir \u00e0 escola e nem sempre minha m\u00e3e tem dinheiro para colocar cr\u00e9dito na minha carteirinha. Aqui n\u00e3o tem energia, fui para frente de casa porque l\u00e1 tem a luz do poste. Eu n\u00e3o conseguiria escrever no escuro\u201d, contou.<\/p><\/blockquote>\n\n\n\n<p>Para a m\u00e3e Jamily Raquel do Nascimento, os pedidos foram uma surpresa. \u201cA carta teve uma repercuss\u00e3o t\u00e3o grande que eu me assustei e por isso a surpresa. Todo ano ela escreve cartas, esse ano ela se superou\u201d, contou.<\/p>\n\n\n\n<h2 class=\"wp-block-heading\">Rotina de estudos<\/h2>\n\n\n\n<figure class=\"wp-block-image\"><img decoding=\"async\" src=\"https:\/\/s2.glbimg.com\/XdqoXTno0ionSINKYlM_KrQnfqg=\/0x0:1000x750\/984x0\/smart\/filters:strip_icc()\/i.s3.glbimg.com\/v1\/AUTH_59edd422c0c84a879bd37670ae4f538a\/internal_photos\/bs\/2019\/O\/X\/lSdWDRRlOG6MLmz2De4g\/whatsapp-image-2019-12-20-at-21.46.05.jpeg\" alt=\"Rafaele tamb\u00e9m estuda \u00e0 luz de velas  \u2014 Foto: Geovane Brito\/G1\"\/><\/figure>\n\n\n\n<p>Rafaele tamb\u00e9m estuda \u00e0 luz de velas \u2014 Foto: Geovane Brito\/G1<\/p>\n\n\n\n<p>Assim como escrever a carta foi dificultoso, Rafaele contou que estudar tamb\u00e9m \u00e9 dif\u00edcil. Sempre na frente de casa, a menina pega os livros e faz as tarefas ali mesmo. \u201c\u00c0s vezes chego na escola e d\u00f3i a vista porque eu for\u00e7o muito para escrever. Com a luz do poste n\u00e3o d\u00e1 para ver direito, mas j\u00e1 resolve bastante\u201d, ressaltou.<\/p>\n\n\n\n<p>A rotina de Rafaele come\u00e7a bem cedo, \u00e0s 6h. Ela acorda e se arruma para enfrentar cerca de 50 minutos dentro do \u00f4nibus no percurso entre a casa e a escola estadual Frei Ambr\u00f3sio, no centro da cidade. \u00c9 preciso atravessar a cidade para estudar.<\/p>\n\n\n\n<figure class=\"wp-block-image\"><img decoding=\"async\" src=\"https:\/\/s2.glbimg.com\/nrULU7z8HKo7X0XmLoh-7pFHiS8=\/0x0:1280x960\/984x0\/smart\/filters:strip_icc()\/i.s3.glbimg.com\/v1\/AUTH_59edd422c0c84a879bd37670ae4f538a\/internal_photos\/bs\/2019\/N\/i\/teVvgoSSAP0CisrY70zA\/whatsapp-image-2019-12-20-at-18.55.42-1-.jpeg\" alt=\"Rafaele e Lara gostam de brincar de casinha durante os intervalos nos estudos \u2014 Foto: Geovane Brito\/G1\"\/><\/figure>\n\n\n\n<p>Rafaele e Lara gostam de brincar de casinha durante os intervalos nos estudos \u2014 Foto: Geovane Brito\/G1<\/p>\n\n\n\n<p>Escondida atr\u00e1s de um t\u00edmido sorriso, a menina conversou e falou sobre a rotina di\u00e1ria. \u201cSempre vou sozinha no \u00f4nibus porque minha m\u00e3e fica com as minhas irm\u00e3s. \u00c9 muito dif\u00edcil, mas o que eu quero \u00e9 estudar\u201d, completou Rafaele.<\/p>\n\n\n\n<p>Antes de ir para uma escola mais longe, a menina estudava no pr\u00f3prio complexo de casas do Governo Federal. Entretanto, no Residencial Salva\u00e7\u00e3o n\u00e3o \u00e9 ofertada a s\u00e9rie que Rafaele come\u00e7ou fazer em 2019. Desta forma, a m\u00e3e precisou correr atr\u00e1s de uma institui\u00e7\u00e3o que recebesse a filha.<\/p>\n\n\n\n<p>Nas escolas pr\u00f3ximas n\u00e3o havia vaga, ent\u00e3o foi necess\u00e1rio colocar em uma escola que ofertasse, muito embora fosse longe.<\/p>\n\n\n\n<blockquote class=\"wp-block-quote is-layout-flow wp-block-quote-is-layout-flow\"><p>\u201c\u00c9 guerra, \u00e9 luta todo dia, mas estamos firmes e fortes. Meu cora\u00e7\u00e3o fica bastante apertado, \u00e9 uma situa\u00e7\u00e3o que n\u00e3o desejo a ningu\u00e9m. D\u00f3i ver as minhas filhas brincando no escuro, ela [Rafaele] estudando no escuro\u201d, completou.<\/p><\/blockquote>\n\n\n\n<p>Na mesinha de estudos e onde a fam\u00edlia faz as refei\u00e7\u00f5es est\u00e3o os sinais de algu\u00e9m que n\u00e3o quer desistir de sonhar. Latinhas que viram casti\u00e7ais iluminam a noite com velas para que Rafaele apoie os livros pr\u00f3ximo para aprender mais um pouco.<\/p>\n\n\n\n<h2 class=\"wp-block-heading\">Dificuldades familiares<\/h2>\n\n\n\n<p>Na pequena casa, quatro pessoas que representam o significado de amor. A jovem m\u00e3e Jamily Nascimento com as tr\u00eas filhas: Rafaelle, Lara Lu\u00edza, de 5 anos, e Luna Monique de 3.<\/p>\n\n\n\n<p>Jamily conta que atualmente est\u00e1 desempregada e muitas vezes n\u00e3o tem dinheiro para custear as passagens nos coletivos para a filha. O pai das meninas ajuda como pode, mas ele n\u00e3o mora na mesma casa.<\/p>\n\n\n\n<p>\u201cEle manda dinheiro, eu me viro, n\u00e3o \u00e9 toda vez que acontece dela ficar sem ir \u00e0 aula. Mas isso j\u00e1 aconteceu v\u00e1rias vezes. Desempregada com tr\u00eas crian\u00e7as em casa \u00e9 complicado\u201d, explicou.<\/p>\n\n\n\n<figure class=\"wp-block-image\"><img decoding=\"async\" src=\"https:\/\/s2.glbimg.com\/F0gElLRJtdQTsslDyrLV5AiTMmQ=\/0x0:1280x960\/984x0\/smart\/filters:strip_icc()\/i.s3.glbimg.com\/v1\/AUTH_59edd422c0c84a879bd37670ae4f538a\/internal_photos\/bs\/2019\/1\/w\/muHK9vQPer3Z2xcidojA\/whatsapp-image-2019-12-20-at-18.55.42.jpeg\" alt=\"Fam\u00edlia usa velas todas as noites para n\u00e3o ficarem na escurid\u00e3o dentro de casa \u2014 Foto: Geovane Brito\/G1\"\/><\/figure>\n\n\n\n<p>Fam\u00edlia usa velas todas as noites para n\u00e3o ficarem na escurid\u00e3o dentro de casa \u2014 Foto: Geovane Brito\/G1<\/p>\n\n\n\n<h2 class=\"wp-block-heading\">Ano letivo em 2020<\/h2>\n\n\n\n<p>O pr\u00f3ximo ano letivo ainda est\u00e1 longe, mas a fam\u00edlia j\u00e1 pensa em como vai conseguir comprar os materiais escolares para as tr\u00eas meninas. Rafaele fez um pedido a mais, que o Papai Noel n\u00e3o esquecesse que ela e suas irm\u00e3s precisam de cadernos, l\u00e1pis e canetas para escreverem as pr\u00f3prias hist\u00f3rias.<\/p>\n\n\n\n<p>Os padrinhos de Natal podem fazer doa\u00e7\u00f5es \u00e0 fam\u00edlia da Rafaele deixando na\u00a0TV Tapaj\u00f3s, na Avenida Ismael Ara\u00fajo, bairro Sant\u00edssimo, em Santar\u00e9m.<\/p>\n\n\n\n<h2 class=\"wp-block-heading\">Passe livre garantido<\/h2>\n\n\n\n<p>Logo ap\u00f3s a publica\u00e7\u00e3o dessa reportagem, o Sindicato das Empresas de Transporte de Passageiros de Santar\u00e9m (Setrans) informou\u00a0que vai conceder \u00e0 Rafaele uma carteirinha de passe livre para que ela tenha garantido o transporte para ir \u00e0 escola durante o ano letivo de 2020.<\/p>\n\n\n\n<h2 class=\"wp-block-heading\">Luz em casa<\/h2>\n\n\n\n<p>Ao&nbsp;<strong>G1<\/strong>, a concession\u00e1ria de energia informou que se sensibiliza com o caso e que ainda na tarde deste s\u00e1bado (21), uma equipe ir\u00e1 realizar uma visita na resid\u00eancia da fam\u00edlia de Rafaele, a fim de oferecer as melhores condi\u00e7\u00f5es e ent\u00e3o garantir que a fam\u00edlia volte a ter o fornecimento de energia.<\/p>\n\n\n\n<h2 class=\"wp-block-heading\">Leia carta na \u00edntegra<\/h2>\n\n\n\n<figure class=\"wp-block-image\"><img decoding=\"async\" src=\"https:\/\/s2.glbimg.com\/Jd3cjJF3hRXUJld4QyD9EC7GcxU=\/0x0:1280x720\/984x0\/smart\/filters:strip_icc()\/i.s3.glbimg.com\/v1\/AUTH_59edd422c0c84a879bd37670ae4f538a\/internal_photos\/bs\/2019\/E\/K\/OlTqYrSBKKuoBhTOho5w\/whatsapp-image-2019-12-20-at-18.56.44.jpeg\" alt=\"Carta da menina Rafaele escreveu para o Papai Noel \u2014 Foto: Reprodu\u00e7\u00e3o\"\/><\/figure>\n\n\n\n<p>Carta da menina Rafaele escreveu para o Papai Noel \u2014 Foto: Reprodu\u00e7\u00e3o<\/p>\n\n\n\n<p><em>&#8220;Querido Papai Noel, me chamo Rafaele tenho 11 anos de idade papai Noel eu e minha fam\u00edlia estamos no momento muito dif\u00edcil na minha casa, minha m\u00e3e est\u00e1 desempregada e \u00e0s vezes n\u00e3o n\u00e3o vou \u00e0 escola, porque ela n\u00e3o tem dinheiro pra colocar cr\u00e9dito na minha carteirinha. Por favor Papai Noel, me ajude a conseguir cr\u00e9dito para eu poder ir \u00e0 escola. Na minha casa tamb\u00e9m est\u00e1 sem energia e a minha m\u00e3e n\u00e3o conseguiu pagar ainda. Eu e as minhas irm\u00e3s estamos no escuro e n\u00e3o consigo fazer meus meus trabalhos, \u00e0s vezes, porque n\u00e3o tem luz. Papai Noel, gostaria de ganhar um brinquedo tamb\u00e9m, gosto de brincar de casinha com as minhas irm\u00e3s. Um beijo, papai Noel e muito obrigada que Jesus aben\u00e7oe.&#8221;<\/em><br><\/p>\n\n\n\n<p>\u00c0 luz de um poste e sentada na porta de casa, uma menina de 11 anos depositou em uma carta ao Papai Noel a esperan\u00e7a em continuar estudando em Santar\u00e9m, no oeste do Par\u00e1. Rafaele Raquel do Nascimento pediu dinheiro para pagar passagem do \u00f4nibus que a leva \u00e0 escola numa viagem de 50 minutos. A carta ainda n\u00e3o foi adotada.<\/p>\n\n\n\n<p>G1<br><\/p>\n","protected":false},"excerpt":{"rendered":"<p>Rafaele Raquel do Nascimento, de 11 anos, mora no Residencial Salva\u00e7\u00e3o e estuda sob a luz do poste porque na pr\u00f3pria casa a energia foi cortada h\u00e1 6 meses. \u00c0 luz de um poste e sentada na porta de casa, uma menina de 11 anos depositou em uma carta ao Papai Noel a esperan\u00e7a em [&hellip;]<\/p>\n","protected":false},"author":2,"featured_media":24498,"comment_status":"open","ping_status":"open","sticky":false,"template":"","format":"standard","meta":{"advanced_seo_description":"","jetpack_seo_html_title":"","jetpack_seo_noindex":false,"_jetpack_memberships_contains_paid_content":false,"footnotes":""},"categories":[43],"tags":[],"class_list":{"0":"post-24491","1":"post","2":"type-post","3":"status-publish","4":"format-standard","5":"has-post-thumbnail","7":"category-cotidiano"},"jetpack_featured_media_url":"https:\/\/www.paranapraia.com.br\/wp-content\/uploads\/2019\/12\/whatsapp-image-2019-12-20-at-18.55.41.jpeg","jetpack_sharing_enabled":true,"_links":{"self":[{"href":"https:\/\/www.paranapraia.com.br\/index.php\/wp-json\/wp\/v2\/posts\/24491"}],"collection":[{"href":"https:\/\/www.paranapraia.com.br\/index.php\/wp-json\/wp\/v2\/posts"}],"about":[{"href":"https:\/\/www.paranapraia.com.br\/index.php\/wp-json\/wp\/v2\/types\/post"}],"author":[{"embeddable":true,"href":"https:\/\/www.paranapraia.com.br\/index.php\/wp-json\/wp\/v2\/users\/2"}],"replies":[{"embeddable":true,"href":"https:\/\/www.paranapraia.com.br\/index.php\/wp-json\/wp\/v2\/comments?post=24491"}],"version-history":[{"count":1,"href":"https:\/\/www.paranapraia.com.br\/index.php\/wp-json\/wp\/v2\/posts\/24491\/revisions"}],"predecessor-version":[{"id":24499,"href":"https:\/\/www.paranapraia.com.br\/index.php\/wp-json\/wp\/v2\/posts\/24491\/revisions\/24499"}],"wp:featuredmedia":[{"embeddable":true,"href":"https:\/\/www.paranapraia.com.br\/index.php\/wp-json\/wp\/v2\/media\/24498"}],"wp:attachment":[{"href":"https:\/\/www.paranapraia.com.br\/index.php\/wp-json\/wp\/v2\/media?parent=24491"}],"wp:term":[{"taxonomy":"category","embeddable":true,"href":"https:\/\/www.paranapraia.com.br\/index.php\/wp-json\/wp\/v2\/categories?post=24491"},{"taxonomy":"post_tag","embeddable":true,"href":"https:\/\/www.paranapraia.com.br\/index.php\/wp-json\/wp\/v2\/tags?post=24491"}],"curies":[{"name":"wp","href":"https:\/\/api.w.org\/{rel}","templated":true}]}}