{"id":24488,"date":"2019-12-23T16:46:50","date_gmt":"2019-12-23T19:46:50","guid":{"rendered":"https:\/\/www.paranapraia.com.br\/?p=24488"},"modified":"2019-12-23T16:46:51","modified_gmt":"2019-12-23T19:46:51","slug":"jane-fonda-e-presa-um-dia-antes-de-completar-82-nos","status":"publish","type":"post","link":"https:\/\/www.paranapraia.com.br\/index.php\/2019\/12\/23\/jane-fonda-e-presa-um-dia-antes-de-completar-82-nos\/","title":{"rendered":"Jane Fonda \u00e9 presa um dia antes de completar 82 nos"},"content":{"rendered":"\n<p>Jane Fonda foi presa pela quinta vez na sexta-feira (20\/12), durante os protestos semanais contra mudan\u00e7as clim\u00e1ticas, que vem acontecendo no Capit\u00f3lio, em Washington, capital dos EUA. A pris\u00e3o aconteceu um dia antes da atriz vencedora do Oscar comemorar seu 82\u00ba anivers\u00e1rio.<\/p>\n\n\n\n<p>Quando ela foi algemada pela pol\u00edcia do Capit\u00f3lio, a multid\u00e3o que acompanhava a manifesta\u00e7\u00e3o cantou uma vers\u00e3o de \u201cparab\u00e9ns para voc\u00ea\u201d, como pode ser visto no v\u00eddeo abaixo.<\/p>\n\n\n\n<p>A atriz j\u00e1 chegou a passar uma noite na pris\u00e3o em novembro, por ser reincidente nos atos de desobedi\u00eancia civil.<\/p>\n\n\n\n<p>Os organizadores do protesto semanal n\u00e3o queriam que ela fosse presa novamente por causa da possibilidade de receber uma senten\u00e7a mais longa e ser incapaz de liderar novas manifesta\u00e7\u00f5es. Mas desta vez n\u00e3o teve jeito.<\/p>\n\n\n\n<p>Ela foi detida junto de outras 138 pessoas e, ao sair do tribunal, no dia seguinte, contou que uma de suas carcereiras lhe disse: \u201cDeve haver uma maneira melhor de chamar a aten\u00e7\u00e3o para sua causa\u201d. \u201cAcho que ela est\u00e1 certa\u201d, concordou Fonda. \u201cMeus ossos de 82 anos est\u00e3o doendo.\u201d<\/p>\n\n\n\n<p>Pipoca Moderna<br><\/p>\n","protected":false},"excerpt":{"rendered":"<p>Jane Fonda foi presa pela quinta vez na sexta-feira (20\/12), durante os protestos semanais contra mudan\u00e7as clim\u00e1ticas, que vem acontecendo no Capit\u00f3lio, em Washington, capital dos EUA. A pris\u00e3o aconteceu um dia antes da atriz vencedora do Oscar comemorar seu 82\u00ba anivers\u00e1rio. Quando ela foi algemada pela pol\u00edcia do Capit\u00f3lio, a multid\u00e3o que acompanhava a [&hellip;]<\/p>\n","protected":false},"author":2,"featured_media":24489,"comment_status":"open","ping_status":"open","sticky":false,"template":"","format":"standard","meta":{"advanced_seo_description":"","jetpack_seo_html_title":"","jetpack_seo_noindex":false,"_jetpack_memberships_contains_paid_content":false,"footnotes":""},"categories":[34],"tags":[],"class_list":{"0":"post-24488","1":"post","2":"type-post","3":"status-publish","4":"format-standard","5":"has-post-thumbnail","7":"category-meio-ambiente"},"jetpack_featured_media_url":"https:\/\/www.paranapraia.com.br\/wp-content\/uploads\/2019\/12\/jane-fonda.jpg","jetpack_sharing_enabled":true,"_links":{"self":[{"href":"https:\/\/www.paranapraia.com.br\/index.php\/wp-json\/wp\/v2\/posts\/24488"}],"collection":[{"href":"https:\/\/www.paranapraia.com.br\/index.php\/wp-json\/wp\/v2\/posts"}],"about":[{"href":"https:\/\/www.paranapraia.com.br\/index.php\/wp-json\/wp\/v2\/types\/post"}],"author":[{"embeddable":true,"href":"https:\/\/www.paranapraia.com.br\/index.php\/wp-json\/wp\/v2\/users\/2"}],"replies":[{"embeddable":true,"href":"https:\/\/www.paranapraia.com.br\/index.php\/wp-json\/wp\/v2\/comments?post=24488"}],"version-history":[{"count":1,"href":"https:\/\/www.paranapraia.com.br\/index.php\/wp-json\/wp\/v2\/posts\/24488\/revisions"}],"predecessor-version":[{"id":24490,"href":"https:\/\/www.paranapraia.com.br\/index.php\/wp-json\/wp\/v2\/posts\/24488\/revisions\/24490"}],"wp:featuredmedia":[{"embeddable":true,"href":"https:\/\/www.paranapraia.com.br\/index.php\/wp-json\/wp\/v2\/media\/24489"}],"wp:attachment":[{"href":"https:\/\/www.paranapraia.com.br\/index.php\/wp-json\/wp\/v2\/media?parent=24488"}],"wp:term":[{"taxonomy":"category","embeddable":true,"href":"https:\/\/www.paranapraia.com.br\/index.php\/wp-json\/wp\/v2\/categories?post=24488"},{"taxonomy":"post_tag","embeddable":true,"href":"https:\/\/www.paranapraia.com.br\/index.php\/wp-json\/wp\/v2\/tags?post=24488"}],"curies":[{"name":"wp","href":"https:\/\/api.w.org\/{rel}","templated":true}]}}