{"id":24470,"date":"2019-12-23T16:29:29","date_gmt":"2019-12-23T19:29:29","guid":{"rendered":"https:\/\/www.paranapraia.com.br\/?p=24470"},"modified":"2019-12-23T16:29:30","modified_gmt":"2019-12-23T19:29:30","slug":"radares-moveis-voltam-as-estradas-do-parana-a-partir-desta-segunda-feira","status":"publish","type":"post","link":"https:\/\/www.paranapraia.com.br\/index.php\/2019\/12\/23\/radares-moveis-voltam-as-estradas-do-parana-a-partir-desta-segunda-feira\/","title":{"rendered":"Radares m\u00f3veis voltam \u00e0s estradas do Paran\u00e1 a partir desta segunda-feira"},"content":{"rendered":"\n<p>Os radares m\u00f3veis dever\u00e3o estar de volta \u00e0s estradas do Paran\u00e1 a partir desta segunda-feira (23). Ao menos \u00e9 o que determina a Justi\u00e7a Federal, que derrubou a decis\u00e3o do presidente Jair Bolsonaro de suspender a fiscaliza\u00e7\u00e3o por radar m\u00f3vel nas estradas, em agosto.<\/p>\n\n\n\n<p>A decis\u00e3o que determinou a volta dos radares sair em 11 de dezembro e foi dada pelo juiz Marcelo Gentil Monteiro, da 1\u00aa Vara Federal C\u00edvel do Distrito Federal. O prazo inicial era de retorno em 72 horas, mas foi estendido at\u00e9 estar segunda-feira. O governo federal recorreu, mas na \u00faltima quarta-feira (18) o Tribunal Regional Federal da 1\u00aa regi\u00e3o manteve a decis\u00e3o do juiz. Para o TRF-1, a fiscaliza\u00e7\u00e3o foi retirada e n\u00e3o houve uma substitui\u00e7\u00e3o por outra a\u00e7\u00e3o de seguran\u00e7a.<\/p>\n\n\n\n<p>Pela decis\u00e3o, a Pol\u00edcia Rodovi\u00e1ria Federal deve tomar \u201ctodas as provid\u00eancias para restabelecer integralmente a fiscaliza\u00e7\u00e3o eletr\u00f4nica por meio dos radares est\u00e1ticos, m\u00f3veis e port\u00e1teis nas rodovias federais\u201d a partir desta segunda-feira. Caso contr\u00e1rio, ser\u00e1 multada em R$ 50 mil por dia.<\/p>\n\n\n\n<p>Em agosto, ap\u00f3s a decis\u00e3o de Bolsonaro, os equipamentos haviam sido guardados. Com o restabelecimento da fiscaliza\u00e7\u00e3o, o motorista que for flagrado em excesso de velocidade levar\u00e1 multa. As multas dependem da velocidade aferida e do limite no trecho. Se a velocidade foi at\u00e9 20% superior \u00e0 m\u00e1xima permitida na via, \u00e9 infra\u00e7\u00e3o m\u00e9dia, com multa de R$ 130,16 e 4 pontos na Carteira Nacional de Habilita\u00e7\u00e3o (CNH). Se for entre 20% e 50% al\u00e9m do limite, \u00e9 infra\u00e7\u00e3o grave punida com multa de R$ 195,23 e 5 pontos na CNH. E se for mais de 50% al\u00e9m do limite, \u00e9 infra\u00e7\u00e3o grav\u00edssima, com multa multiplicada por 3 (R$ 880,41) e suspens\u00e3o do direito de dirigir.<\/p>\n\n\n\n<p>Bem Paran\u00e1<br><\/p>\n","protected":false},"excerpt":{"rendered":"<p>Os radares m\u00f3veis dever\u00e3o estar de volta \u00e0s estradas do Paran\u00e1 a partir desta segunda-feira (23). Ao menos \u00e9 o que determina a Justi\u00e7a Federal, que derrubou a decis\u00e3o do presidente Jair Bolsonaro de suspender a fiscaliza\u00e7\u00e3o por radar m\u00f3vel nas estradas, em agosto. A decis\u00e3o que determinou a volta dos radares sair em 11 [&hellip;]<\/p>\n","protected":false},"author":2,"featured_media":24471,"comment_status":"open","ping_status":"open","sticky":false,"template":"","format":"standard","meta":{"advanced_seo_description":"","jetpack_seo_html_title":"","jetpack_seo_noindex":false,"_jetpack_memberships_contains_paid_content":false,"footnotes":""},"categories":[33],"tags":[],"class_list":{"0":"post-24470","1":"post","2":"type-post","3":"status-publish","4":"format-standard","5":"has-post-thumbnail","7":"category-policia"},"jetpack_featured_media_url":"https:\/\/www.paranapraia.com.br\/wp-content\/uploads\/2019\/12\/noticia_243369_img1_23prf.jpg","jetpack_sharing_enabled":true,"_links":{"self":[{"href":"https:\/\/www.paranapraia.com.br\/index.php\/wp-json\/wp\/v2\/posts\/24470"}],"collection":[{"href":"https:\/\/www.paranapraia.com.br\/index.php\/wp-json\/wp\/v2\/posts"}],"about":[{"href":"https:\/\/www.paranapraia.com.br\/index.php\/wp-json\/wp\/v2\/types\/post"}],"author":[{"embeddable":true,"href":"https:\/\/www.paranapraia.com.br\/index.php\/wp-json\/wp\/v2\/users\/2"}],"replies":[{"embeddable":true,"href":"https:\/\/www.paranapraia.com.br\/index.php\/wp-json\/wp\/v2\/comments?post=24470"}],"version-history":[{"count":1,"href":"https:\/\/www.paranapraia.com.br\/index.php\/wp-json\/wp\/v2\/posts\/24470\/revisions"}],"predecessor-version":[{"id":24472,"href":"https:\/\/www.paranapraia.com.br\/index.php\/wp-json\/wp\/v2\/posts\/24470\/revisions\/24472"}],"wp:featuredmedia":[{"embeddable":true,"href":"https:\/\/www.paranapraia.com.br\/index.php\/wp-json\/wp\/v2\/media\/24471"}],"wp:attachment":[{"href":"https:\/\/www.paranapraia.com.br\/index.php\/wp-json\/wp\/v2\/media?parent=24470"}],"wp:term":[{"taxonomy":"category","embeddable":true,"href":"https:\/\/www.paranapraia.com.br\/index.php\/wp-json\/wp\/v2\/categories?post=24470"},{"taxonomy":"post_tag","embeddable":true,"href":"https:\/\/www.paranapraia.com.br\/index.php\/wp-json\/wp\/v2\/tags?post=24470"}],"curies":[{"name":"wp","href":"https:\/\/api.w.org\/{rel}","templated":true}]}}