{"id":24467,"date":"2019-12-23T16:27:17","date_gmt":"2019-12-23T19:27:17","guid":{"rendered":"https:\/\/www.paranapraia.com.br\/?p=24467"},"modified":"2019-12-23T16:27:18","modified_gmt":"2019-12-23T19:27:18","slug":"sanepar-ja-comecou-o-trabalho-de-limpeza-da-areia-das-praias","status":"publish","type":"post","link":"https:\/\/www.paranapraia.com.br\/index.php\/2019\/12\/23\/sanepar-ja-comecou-o-trabalho-de-limpeza-da-areia-das-praias\/","title":{"rendered":"Sanepar j\u00e1 come\u00e7ou o trabalho de limpeza da areia das praias"},"content":{"rendered":"\n<p>O servi\u00e7o de limpeza das praias j\u00e1 come\u00e7ou a ser feito pela Sanepar. A atividade integra a programa\u00e7\u00e3o do projeto Ver\u00e3o Maior, criado pelo Governo do Estado para garantir mais conforto e seguran\u00e7a aos veranistas que frequentam o Litoral paranaense.<\/p>\n\n\n\n<p>Diariamente equipes da Sanepar fazem a coleta manual dos res\u00edduos das praias, num trecho de 48 quil\u00f4metros de areia. O material recolhido \u00e9 transportado pelas prefeituras para local adequado. Al\u00e9m do servi\u00e7o de limpeza, a estatal tamb\u00e9m promove atividades de educa\u00e7\u00e3o socioambiental.<\/p>\n\n\n\n<p>No s\u00e1bado (21), o diretor de Meio Ambiente e A\u00e7\u00e3o Social da Sanepar, Julio Gonchorosky, participou da abertura oficial do Ver\u00e3o Maior&nbsp; juntamente com o vice-governador Darci Piana, secret\u00e1rios de Estado e prefeitos do Litoral. Ele destacou os investimentos na companhia na regi\u00e3o.<\/p>\n\n\n\n<p>\u201cO servi\u00e7o de coleta e tratamento de esgoto no Litoral faz com o que o Paran\u00e1 tenha as praias mais limpas do Brasil, com maior balneabilidade. Cumprimos, assim, nossa fun\u00e7\u00e3o principal que \u00e9 levar qualidade de vida e sa\u00fade \u00e0 popula\u00e7\u00e3o\u201d, disse.<\/p>\n\n\n\n<p>A Sanepar contratou 120 pessoas para o trabalho de limpeza das praias durante o Ver\u00e3o Maior, que termina em 01 de mar\u00e7o. O diretor de Meio Ambiente conversou com o pessoal contratado, destacando que a tarefa de cada um \u00e9 importante para garantir as praias mais limpas. Gonchorosky tamb\u00e9m refor\u00e7ou a necessidade do uso racional da \u00e1gua pelo veranistas e do correto descarte do lixo.<\/p>\n\n\n\n<p>ESGOTAMENTO SANIT\u00c1RIO &#8211; A Sanepar aplicou mais de R$ 44 milh\u00f5es na melhoria e amplia\u00e7\u00e3o do sistema de esgotamento sanit\u00e1rio, que aumenta em mais de 80% o atendimento com coleta e tratamento de esgoto no Litoral.<\/p>\n\n\n\n<p>Foram conclu\u00eddas as obras de amplia\u00e7\u00e3o das esta\u00e7\u00f5es de tratamento de esgoto de Matinhos e de Ipanema, e da esta\u00e7\u00e3o elevat\u00f3ria de Guaratuba. Al\u00e9m disso, a Sanepar vistoriou 4.120 im\u00f3veis que passaram a ter rede coletora para verificar caixa de gordura e se a liga\u00e7\u00e3o est\u00e1 correta.<\/p>\n\n\n\n<p>ABASTECIMENTO &#8211; Para o abastecimento de \u00e1gua, a Sanepar implantou dois novos reservat\u00f3rios em Pontal do Paran\u00e1 (Balne\u00e1rio Atami e Canoas), fez a recupera\u00e7\u00e3o estrutural dos reservat\u00f3rios de Guaratuba e da Praia Grande, e tamb\u00e9m da esta\u00e7\u00e3o de tratamento de \u00e1gua de Matinhos. Em Guaratuba, foram implantados 4 quil\u00f4metros de rede de distribui\u00e7\u00e3o para refor\u00e7ar o sistema.<\/p>\n\n\n\n<p>ENERGIA &#8211; Para a temporada, a Sanepar instalou geradores de energia nos principais sistemas de abastecimento que asseguram a continuidade do fornecimento de \u00e1gua mesmo em caso de falta de energia el\u00e9trica.<\/p>\n\n\n\n<p>No Litoral, a Central de Relacionamento far\u00e1 atendimento ao cliente de forma presencial nos dias 24 e 31, das 9h \u00e0s 13h. Dias 25 e 1.o estar\u00e1 fechado.<\/p>\n\n\n\n<p>A Sanepar orienta os propriet\u00e1rios de im\u00f3veis na praia para que confiram alguns itens importantes:<\/p>\n\n\n\n<p>Deixe sua conta de \u00e1gua em dia \u2013 Se houver d\u00e9bitos pendentes com a Sanepar, pague e pe\u00e7a a religa\u00e7\u00e3o da \u00e1gua.<\/p>\n\n\n\n<p>Limpe a caixa d\u2019\u00e1gua \u2013 Como as casas do litoral costumam ficar fechadas por algum tempo, a \u00e1gua da caixa pode perder sua potabilidade. Por isso, fa\u00e7a a limpeza da caixa d\u2019\u00e1gua do seu im\u00f3vel. Entre no site da Sanepar, procure o quadro Informa\u00e7\u00f5es Gerais, \u00e0 direita no canto inferior da p\u00e1gina, clique no link \u201climpeza de caixa d\u2019\u00e1gua\u201d e siga as instru\u00e7\u00f5es.<\/p>\n\n\n\n<p>Ligue o esgoto \u00e0 rede coletora \u2013 A correta liga\u00e7\u00e3o do esgoto da sua casa com a rede coletora da Sanepar \u00e9 fundamental para evitar vazamentos, infiltra\u00e7\u00f5es, mau cheiro, al\u00e9m de danos ao meio ambiente. Para isso, contrate um profissional qualificado, que dever\u00e1 indicar o local onde a Sanepar ir\u00e1 instalar o ponto para que a liga\u00e7\u00e3o seja feita.<\/p>\n\n\n\n<p>Trate a \u00e1gua da piscina \u2013 Donos de m\u00f3veis que t\u00eam piscina, mesmo que seja de pl\u00e1stico, precisam cuidar para que ela esteja em boas condi\u00e7\u00f5es de uso. Inclusive para evitar a prolifera\u00e7\u00e3o de bact\u00e9rias. Ap\u00f3s encher a piscina, use cloro ou \u00e1gua sanit\u00e1ria para tratar a \u00e1gua na seguinte propor\u00e7\u00e3o: Cloro &#8211; 1 colher de sopa (15 ml) para cada 1.000 litros de \u00e1gua; \u00c1gua sanit\u00e1ria &#8211; 60 ml para cada 1.000 litros de \u00e1gua.<\/p>\n\n\n\n<p>DENGUE &#8211; Elimine os focos do Aedes Aegipty \u2013 Dengue mata. Por isso, elimine os criadouros do mosquito Aedes Aegipty, que transmite a dengue, a chikungunya e a zika. N\u00e3o deixe \u00e1gua parada em lugar nenhum da sua casa, nem limpa nem suja.<\/p>\n\n\n\n<p>AEN<br><\/p>\n","protected":false},"excerpt":{"rendered":"<p>O servi\u00e7o de limpeza das praias j\u00e1 come\u00e7ou a ser feito pela Sanepar. A atividade integra a programa\u00e7\u00e3o do projeto Ver\u00e3o Maior, criado pelo Governo do Estado para garantir mais conforto e seguran\u00e7a aos veranistas que frequentam o Litoral paranaense. Diariamente equipes da Sanepar fazem a coleta manual dos res\u00edduos das praias, num trecho de [&hellip;]<\/p>\n","protected":false},"author":2,"featured_media":24468,"comment_status":"open","ping_status":"open","sticky":false,"template":"","format":"standard","meta":{"advanced_seo_description":"","jetpack_seo_html_title":"","jetpack_seo_noindex":false,"_jetpack_memberships_contains_paid_content":false,"footnotes":""},"categories":[40],"tags":[],"class_list":{"0":"post-24467","1":"post","2":"type-post","3":"status-publish","4":"format-standard","5":"has-post-thumbnail","7":"category-destaques"},"jetpack_featured_media_url":"https:\/\/www.paranapraia.com.br\/wp-content\/uploads\/2019\/12\/191223_verao_maior_1.jpg","jetpack_sharing_enabled":true,"_links":{"self":[{"href":"https:\/\/www.paranapraia.com.br\/index.php\/wp-json\/wp\/v2\/posts\/24467"}],"collection":[{"href":"https:\/\/www.paranapraia.com.br\/index.php\/wp-json\/wp\/v2\/posts"}],"about":[{"href":"https:\/\/www.paranapraia.com.br\/index.php\/wp-json\/wp\/v2\/types\/post"}],"author":[{"embeddable":true,"href":"https:\/\/www.paranapraia.com.br\/index.php\/wp-json\/wp\/v2\/users\/2"}],"replies":[{"embeddable":true,"href":"https:\/\/www.paranapraia.com.br\/index.php\/wp-json\/wp\/v2\/comments?post=24467"}],"version-history":[{"count":1,"href":"https:\/\/www.paranapraia.com.br\/index.php\/wp-json\/wp\/v2\/posts\/24467\/revisions"}],"predecessor-version":[{"id":24469,"href":"https:\/\/www.paranapraia.com.br\/index.php\/wp-json\/wp\/v2\/posts\/24467\/revisions\/24469"}],"wp:featuredmedia":[{"embeddable":true,"href":"https:\/\/www.paranapraia.com.br\/index.php\/wp-json\/wp\/v2\/media\/24468"}],"wp:attachment":[{"href":"https:\/\/www.paranapraia.com.br\/index.php\/wp-json\/wp\/v2\/media?parent=24467"}],"wp:term":[{"taxonomy":"category","embeddable":true,"href":"https:\/\/www.paranapraia.com.br\/index.php\/wp-json\/wp\/v2\/categories?post=24467"},{"taxonomy":"post_tag","embeddable":true,"href":"https:\/\/www.paranapraia.com.br\/index.php\/wp-json\/wp\/v2\/tags?post=24467"}],"curies":[{"name":"wp","href":"https:\/\/api.w.org\/{rel}","templated":true}]}}