{"id":24461,"date":"2019-12-23T16:23:52","date_gmt":"2019-12-23T19:23:52","guid":{"rendered":"https:\/\/www.paranapraia.com.br\/?p=24461"},"modified":"2019-12-23T16:23:53","modified_gmt":"2019-12-23T19:23:53","slug":"salario-de-dezembro-ja-esta-na-conta-dos-servidores","status":"publish","type":"post","link":"https:\/\/www.paranapraia.com.br\/index.php\/2019\/12\/23\/salario-de-dezembro-ja-esta-na-conta-dos-servidores\/","title":{"rendered":"Sal\u00e1rio de dezembro j\u00e1 est\u00e1 na conta dos servidores"},"content":{"rendered":"\n<p>O Governo do Paran\u00e1 depositou o sal\u00e1rio do m\u00eas de dezembro, que j\u00e1 est\u00e1 na conta dos servidores, aposentados e pensionistas do Estado. O 13\u00ba sal\u00e1rio j\u00e1 havia sido pago em 4 de dezembro, injetando R$ 3,7 bilh\u00f5es na economia do Paran\u00e1.<\/p>\n\n\n\n<p>Normalmente, os vencimentos do funcionalismo s\u00e3o liberados no \u00faltimo dia \u00fatil do m\u00eas. De acordo com o governador Carlos Massa Ratinho Junior, a antecipa\u00e7\u00e3o do pagamento \u00e9 poss\u00edvel gra\u00e7as ao cuidado com as contas p\u00fablicas. \u201cO corte de despesas e a reforma administrativa permitiram que o governo chegasse ao fim do ano com o caixa organizado, em um momento em que muitos estados t\u00eam dificuldade em pagar o sal\u00e1rio em dia\u201d, disse.<\/p>\n\n\n\n<p>A gratifica\u00e7\u00e3o atende principalmente o magist\u00e9rio estadual, maior quadro da administra\u00e7\u00e3o p\u00fablica do Paran\u00e1. &nbsp;O Estado tem cerca de 300 mil servidores ativos, pensionistas e aposentados, com uma folha salarial mensal de R$ 1,83 bilh\u00e3o. Al\u00e9m dos vencimentos do m\u00eas, tamb\u00e9m se soma \u00e0 folha o pagamento o ter\u00e7o de f\u00e9rias dos funcion\u00e1rios que t\u00eam direito ao benef\u00edcio.<\/p>\n\n\n\n<p><strong>REFORMAS<\/strong>&nbsp;\u2013 Para reduzir despesas de custeio, o governo estadual est\u00e1 adotando v\u00e1rias medidas. A primeira fase da reforma administrativa reduziu o n\u00famero de secretarias de 28 para 15 e eliminou 339 cargos. Agora est\u00e1 em andamento a segunda fase do processo, que tem como foco a fus\u00e3o e reestrutura\u00e7\u00e3o de autarquias.<\/p>\n\n\n\n<p>No Sistema Estadual de Agricultura a proposta prev\u00ea a fus\u00e3o do Instituto Paranaense de Assist\u00eancia t\u00e9cnica e Extens\u00e3o Rural (Emater), do Centro de Refer\u00eancia em Agroecologia (CPRA), da Companhia de Desenvolvimento Agropecu\u00e1rio do Paran\u00e1 (Codapar) e do Instituto Agron\u00f4mico do Paran\u00e1 (Iapar) num \u00fanico \u00f3rg\u00e3o, que se chamar\u00e1 Instituto de Desenvolvimento Rural do Paran\u00e1.<\/p>\n\n\n\n<p>Na \u00e1rea do meio ambiente, tamb\u00e9m haver\u00e1 integra\u00e7\u00e3o de \u00f3rg\u00e3os. A proposta \u00e9 a cria\u00e7\u00e3o do Instituto de \u00c1gua e Terra, que integra o Instituto Ambiental do Paran\u00e1 (IAP), o Instituto de Terras, Cartografia e Geologia do Paran\u00e1 (ITCG) e o Instituto das \u00c1guas do Paran\u00e1.<\/p>\n\n\n\n<p><strong>QUADRO<\/strong>&nbsp;\u2013 O governo estadual tamb\u00e9m equacionou a reposi\u00e7\u00e3o salarial de 2019, com a primeira parcela de 2% liberada em janeiro de 2020. No total, o Estado vai pagar 5,08% de reajuste.<\/p>\n\n\n\n<p>Al\u00e9m disso, a atual gest\u00e3o colocou em andamento concursos p\u00fablicos para sele\u00e7\u00e3o de 2.560 policiais militares, 400 policiais civis (50 delegados, 50 papiloscopistas e investigadores), 96 peritos e m\u00e9dicos para a Pol\u00edcia Cient\u00edfica, 1.269 agentes de cadeia, 400 profissionais da Sa\u00fade, 80 para a Ag\u00eancia de Defesa Agropecu\u00e1ria e 988 professores.<\/p>\n\n\n\n<p>Tamb\u00e9m est\u00e3o previstos concursos para contrata\u00e7\u00e3o de servidores para o Quadro Pr\u00f3prio do Poder Executivo (QPPE), que inclui profissionais para a Administra\u00e7\u00e3o Direta, para o Instituto Ambiental do Paran\u00e1 (IAP), Departamento de Estradas de Rodagem (DER), Instituto Paranaense de Desenvolvimento Econ\u00f4mico e Social (Ipardes) e para o Teatro Gua\u00edra.<\/p>\n\n\n\n<p>AEN<br><\/p>\n","protected":false},"excerpt":{"rendered":"<p>O Governo do Paran\u00e1 depositou o sal\u00e1rio do m\u00eas de dezembro, que j\u00e1 est\u00e1 na conta dos servidores, aposentados e pensionistas do Estado. O 13\u00ba sal\u00e1rio j\u00e1 havia sido pago em 4 de dezembro, injetando R$ 3,7 bilh\u00f5es na economia do Paran\u00e1. Normalmente, os vencimentos do funcionalismo s\u00e3o liberados no \u00faltimo dia \u00fatil do m\u00eas. [&hellip;]<\/p>\n","protected":false},"author":2,"featured_media":24462,"comment_status":"open","ping_status":"open","sticky":false,"template":"","format":"standard","meta":{"advanced_seo_description":"","jetpack_seo_html_title":"","jetpack_seo_noindex":false,"_jetpack_memberships_contains_paid_content":false,"footnotes":""},"categories":[40],"tags":[],"class_list":{"0":"post-24461","1":"post","2":"type-post","3":"status-publish","4":"format-standard","5":"has-post-thumbnail","7":"category-destaques"},"jetpack_featured_media_url":"https:\/\/www.paranapraia.com.br\/wp-content\/uploads\/2019\/12\/rati.jpg","jetpack_sharing_enabled":true,"_links":{"self":[{"href":"https:\/\/www.paranapraia.com.br\/index.php\/wp-json\/wp\/v2\/posts\/24461"}],"collection":[{"href":"https:\/\/www.paranapraia.com.br\/index.php\/wp-json\/wp\/v2\/posts"}],"about":[{"href":"https:\/\/www.paranapraia.com.br\/index.php\/wp-json\/wp\/v2\/types\/post"}],"author":[{"embeddable":true,"href":"https:\/\/www.paranapraia.com.br\/index.php\/wp-json\/wp\/v2\/users\/2"}],"replies":[{"embeddable":true,"href":"https:\/\/www.paranapraia.com.br\/index.php\/wp-json\/wp\/v2\/comments?post=24461"}],"version-history":[{"count":1,"href":"https:\/\/www.paranapraia.com.br\/index.php\/wp-json\/wp\/v2\/posts\/24461\/revisions"}],"predecessor-version":[{"id":24463,"href":"https:\/\/www.paranapraia.com.br\/index.php\/wp-json\/wp\/v2\/posts\/24461\/revisions\/24463"}],"wp:featuredmedia":[{"embeddable":true,"href":"https:\/\/www.paranapraia.com.br\/index.php\/wp-json\/wp\/v2\/media\/24462"}],"wp:attachment":[{"href":"https:\/\/www.paranapraia.com.br\/index.php\/wp-json\/wp\/v2\/media?parent=24461"}],"wp:term":[{"taxonomy":"category","embeddable":true,"href":"https:\/\/www.paranapraia.com.br\/index.php\/wp-json\/wp\/v2\/categories?post=24461"},{"taxonomy":"post_tag","embeddable":true,"href":"https:\/\/www.paranapraia.com.br\/index.php\/wp-json\/wp\/v2\/tags?post=24461"}],"curies":[{"name":"wp","href":"https:\/\/api.w.org\/{rel}","templated":true}]}}