{"id":24458,"date":"2019-12-23T16:22:44","date_gmt":"2019-12-23T19:22:44","guid":{"rendered":"https:\/\/www.paranapraia.com.br\/?p=24458"},"modified":"2019-12-23T16:22:45","modified_gmt":"2019-12-23T19:22:45","slug":"verao-maior-leva-mais-seguranca-e-diversao-a-veranistas","status":"publish","type":"post","link":"https:\/\/www.paranapraia.com.br\/index.php\/2019\/12\/23\/verao-maior-leva-mais-seguranca-e-diversao-a-veranistas\/","title":{"rendered":"Ver\u00e3o Maior leva mais seguran\u00e7a e divers\u00e3o a veranistas"},"content":{"rendered":"\n<p>O Governo do Estado lan\u00e7ou o Ver\u00e3o Maior para oferecer uma s\u00e9rie de a\u00e7\u00f5es e servi\u00e7os no Litoral e nas praias de \u00e1gua doce do Interior do Estado. A abertura oficial da temporada 2019\/2020, aconteceu neste s\u00e1bado (21) na praia de Caiob\u00e1, em Matinhos, com a presen\u00e7a do vice-governador Darci Piana e entrega de viaturas para refor\u00e7ar a seguran\u00e7a no Litoral.<\/p>\n\n\n\n<p>O Ver\u00e3o Maior mant\u00e9m as atividades at\u00e9 depois do Carnaval e termina em 1.o de mar\u00e7o. Nesses 74 dias, o Litoral e as prainhas do Lago de Itaipu (Oeste) e do Rio Paran\u00e1 (Noroeste) v\u00e3o contar com efetivo maior de policiais e bombeiros e refor\u00e7o nos servi\u00e7os de sa\u00fade, saneamento e energia, al\u00e9m de limpeza das praias e monitoramento da qualidade das \u00e1guas. A programa\u00e7\u00e3o inclui cultura, esporte e lazer e tamb\u00e9m a\u00e7\u00f5es de prote\u00e7\u00e3o ambiental.<\/p>\n\n\n\n<p>Para Darci Piana, a preocupa\u00e7\u00e3o do Governo do Estado \u00e9 dar tranquilidade e op\u00e7\u00f5es de lazer aos veranistas. \u201cToda a infraestrutura necess\u00e1ria foi colocada \u00e0 disposi\u00e7\u00e3o das pessoas, tudo est\u00e1 montado para termos o melhor ver\u00e3o que o Paran\u00e1 j\u00e1 viu\u201d, afirmou o vice-governador. \u201cO governo mostra que est\u00e1 com a estrutura preparada para receber um grande n\u00famero de turistas. Eles v\u00e3o contar com diversas atra\u00e7\u00f5es para que queiram voltar todos os anos\u201d, afirmou.<\/p>\n\n\n\n<p>Na solenidade, foram entregues 55 novas viaturas para as pol\u00edcias Militar e Civil, que v\u00e3o ampliar o policiamento e dar mais agilidade \u00e0s equipes de seguran\u00e7a. Al\u00e9m disso, oito policiais civis que se formaram no primeiro curso de p\u00f3s-gradua\u00e7\u00e3o do Pa\u00eds em Opera\u00e7\u00f5es A\u00e9reas de Seguran\u00e7a P\u00fablica receberam o brev\u00ea das m\u00e3os do vice-governador.<\/p>\n\n\n\n<p><strong>ATIVIDADES<\/strong>&nbsp;\u2014 As a\u00e7\u00f5es envolvem in\u00fameros \u00f3rg\u00e3os estaduais, como Seguran\u00e7a P\u00fablica, Sa\u00fade, Desenvolvimento Sustent\u00e1vel e Turismo, Cultura, Esporte, Sanepar e Copel, com a parceria dos munic\u00edpios. Est\u00e3o previstos shows com artistas nacionais, atividades de esporte e lazer, de entretenimento, queima de fogos, refor\u00e7o de seguran\u00e7a, sa\u00fade, prote\u00e7\u00e3o, orienta\u00e7\u00f5es e projetos educativos.<\/p>\n\n\n\n<p>O secret\u00e1rio de Estado da Seguran\u00e7a P\u00fablica e coordenador do Ver\u00e3o Maior, Romulo Marinho, ressaltou que o planejamento come\u00e7ou em outubro. \u201cEstamos prontos para fazer o nosso melhor. Todos os \u00f3rg\u00e3os, secretarias e institui\u00e7\u00f5es de seguran\u00e7a est\u00e3o unidos para dar suporte e atender bem todas as pessoas que vierem aproveitar o ver\u00e3o no Paran\u00e1\u201d, afirmou.<\/p>\n\n\n\n<p>O prefeito de Matinhos, Ruy Hauer, destacou que sem o apoio do Governo do Estado, os munic\u00edpios litor\u00e2neos n\u00e3o teriam estrutura suficiente para acomodar o grande n\u00famero de turistas. \u201cO Litoral \u00e9 a segunda casa dos paranaenses. Vai ser um ver\u00e3o de sucesso, os munic\u00edpios ficam tranquilos porque toda a equipe do governo est\u00e1 aqui dando esse suporte\u201d, destacou.<\/p>\n\n\n\n<p><strong>PRESEN\u00c7AS<\/strong>&nbsp;\u2014 Participaram da solenidade, al\u00e9m de secret\u00e1rios das \u00e1reas envolvidas, o secret\u00e1rio de Estado da Comunica\u00e7\u00e3o Social e Cultura, Hudson Jos\u00e9; o delegado-geral da Pol\u00edcia Civil, Silvio Rockembach; o coordenador estadual de Prote\u00e7\u00e3o e Defesa Civil, coronel Ricardo Silva; e os prefeitos de Guaratuba, Roberto Justus; de Antonina, Jos\u00e9 Paulo Azim; e de Morretes, Osmair Costa Coelho.<\/p>\n\n\n\n<h2 class=\"wp-block-heading\">Confira o que cada \u00e1rea preparou para o Ver\u00e3o Maior:<\/h2>\n\n\n\n<p><strong>SEGURAN\u00c7A P\u00daBLICA<\/strong>&nbsp;\u2013 Para que os veranistas possam curtir os encantos do Paran\u00e1 com tranquilidade, a Secretaria da Seguran\u00e7a P\u00fablica ampliou o efetivo nas regi\u00f5es mais procuradas nesta \u00e9poca do ano, com destaque para o Litoral.&nbsp;Est\u00e3o programadas a\u00e7\u00f5es de policiamento ostensivo, prote\u00e7\u00e3o direta nas cidades, rodovias, praias (areia e mar), rios e matas, com o servi\u00e7o de intelig\u00eancia das pol\u00edcias se antecipando a poss\u00edveis ocorr\u00eancias.<\/p>\n\n\n\n<p><strong>POL\u00cdCIAS<\/strong>&nbsp;\u2014 A Pol\u00edcia Militar refor\u00e7ar\u00e1 o policiamento no Litoral do Estado com viaturas, m\u00f3dulos, motocicletas, bicicletas e helic\u00f3ptero, al\u00e9m de um efetivo refor\u00e7ado de acordo com o n\u00famero de pessoas que descem para curtir o ver\u00e3o. Tamb\u00e9m haver\u00e1 refor\u00e7o policial e do Corpo de Bombeiros nos balne\u00e1rios do Oeste e do Noroeste do Estado.<\/p>\n\n\n\n<p>O 9\u00ba Batalh\u00e3o da Pol\u00edcia Militar far\u00e1 o policiamento costeiro. \u201cMilhares de policiais e centenas de viaturas ser\u00e3o empregadas para atender a temporada. Queremos que as praias do Paran\u00e1 sejam as mais seguras do Brasil, para que o turista venha para c\u00e1 e aproveite esse momento com tranquilidade\u201d, afirmou o chefe do Estado Maior da PM, coronel Lanes Randal Prates.<\/p>\n\n\n\n<p>Pela Pol\u00edcia Civil, haver\u00e1 refor\u00e7o no quadro de investigadores, escriv\u00e3es e delegados. O trabalho contar\u00e1 com o apoio de uma aeronave do Grupamento de Opera\u00e7\u00f5es A\u00e9reas (GOA), que atuar\u00e1 de maneira integrada com as demais for\u00e7as de seguran\u00e7a. A\u00e7\u00f5es de combate a golpes comuns nessa \u00e9poca tamb\u00e9m ser\u00e3o aplicadas.<\/p>\n\n\n\n<p><strong>BOMBEIROS<\/strong>&nbsp;\u2013 O Corpo de Bombeiros do Paran\u00e1 ter\u00e1 um efetivo de mais de 700 militares e guarda-vidas civis. O atendimento \u00e9 voltado a casos de emerg\u00eancia, como afogamentos. \u201cAmpliamos o efetivo para dar mais seguran\u00e7a e prote\u00e7\u00e3o aos banhistas de todas as regi\u00f5es. Tamb\u00e9m h\u00e1 o refor\u00e7o para salvamentos diversos, como mais ambul\u00e2ncias\u201d, afirmou o comandante do Corpo de Bombeiros, coronel Samuel Prestes.<\/p>\n\n\n\n<p>No Litoral, ser\u00e3o diversos postos de guarda-vidas, com o apoio da aeronave do Batalh\u00e3o de Pol\u00edcia Militar de Opera\u00e7\u00f5es A\u00e9reas (BPMOA), tanto nos resgates e remo\u00e7\u00f5es aerom\u00e9dicas quanto em patrulhamento preventivo. \u201c\u00c9 importante que a popula\u00e7\u00e3o busque o posto guarda-vida e pe\u00e7a orienta\u00e7\u00e3o ao profissional antes de entrar no mar. \u00c9 assim que come\u00e7a a prote\u00e7\u00e3o\u201d, orientou o coronel Prestes.<\/p>\n\n\n\n<p><strong>POL\u00cdCIA RODOVI\u00c1RIA&nbsp;<\/strong>\u2013 Nas estradas estaduais da regi\u00e3o litor\u00e2nea, o Batalh\u00e3o de Pol\u00edcia Rodovi\u00e1ria (BPRv) atuar\u00e1 com quatro postos para fazer a fiscaliza\u00e7\u00e3o de tr\u00e2nsito, com opera\u00e7\u00f5es e atividades de combate ao excesso de velocidade e embriaguez ao volante.<\/p>\n\n\n\n<p>O Departamento de Estradas de Rodagem (DER) tem ainda equipes para fazer a conserva\u00e7\u00e3o das vias com servi\u00e7os de pavimenta\u00e7\u00e3o, sinaliza\u00e7\u00e3o, ro\u00e7ada e limpeza, tudo para garantir que o tr\u00e1fego de ve\u00edculos seja mais seguro poss\u00edvel.<\/p>\n\n\n\n<p><strong>POL\u00cdCIA CIENT\u00cdFICA<\/strong>&nbsp;\u2013 A Pol\u00edcia Cient\u00edfica refor\u00e7ar\u00e1 os servi\u00e7os do Instituto de Criminal\u00edstica e do Instituto M\u00e9dico-Legal, oferecendo suporte aos demais \u00f3rg\u00e3os de Seguran\u00e7a P\u00fablica, Minist\u00e9rio P\u00fablico e Poder Judici\u00e1rio em rela\u00e7\u00e3o \u00e0 solu\u00e7\u00e3o de crimes. Al\u00e9m da base em Paranagu\u00e1, durante a temporada a corpora\u00e7\u00e3o ter\u00e1 um posto tempor\u00e1rio em Matinhos.<\/p>\n\n\n\n<p><strong>SA\u00daDE<\/strong>&nbsp;\u2013 Na \u00e1rea da sa\u00fade j\u00e1 est\u00e3o destinados R$ 5,6 milh\u00f5es para as atividades que ser\u00e3o realizadas no per\u00edodo de ver\u00e3o nos munic\u00edpios do Litoral paranaense &#8211; s\u00e3o R$ 900 mil a mais do que foi investido na \u00faltima opera\u00e7\u00e3o.<\/p>\n\n\n\n<p>Os recursos ser\u00e3o usados para contrata\u00e7\u00e3o de pessoas para trabalhar 72.948 horas, ou 6.079 plant\u00f5es de 12 horas cada um. Equipes assistenciais (m\u00e9dicos, enfermeiros e t\u00e9cnicos de enfermagem) nos hospitais de Antonina, Matinhos, Morretes e Paranagu\u00e1 ser\u00e3o refor\u00e7adas.<\/p>\n\n\n\n<p>Nos casos de emerg\u00eancia, haver\u00e1 apoio da aeronave da Pol\u00edcia Militar. Al\u00e9m disso, como forma de preven\u00e7\u00e3o, est\u00e3o previstas a\u00e7\u00f5es educativas de combate \u00e0 dengue, sarampo e outras doen\u00e7as.<\/p>\n\n\n\n<p>O secret\u00e1rio de Estado da Sa\u00fade, Beto Preto, explicou que haver\u00e1 tamb\u00e9m uma grande mobiliza\u00e7\u00e3o contra a dengue, orientando turistas e moradores para que eliminem os criadouros do mosquito transmissor da doen\u00e7a. \u201cEstamos em guerra contra o Aedes aegypti. Temos que cuidar para n\u00e3o ter uma epidemia de dengue, \u00e9 papel de todos n\u00e3o deixar \u00e1gua parada\u201d, disse.<\/p>\n\n\n\n<p><strong>CULTURA<\/strong>&nbsp;\u2013 A Secretaria de Estado da Comunica\u00e7\u00e3o Social e da Cultura vai promover a\u00e7\u00f5es de entretenimento durante o per\u00edodo. Haver\u00e1 shows com artistas renomados nacionalmente. A programa\u00e7\u00e3o come\u00e7a na virada do ano, o Governo do Estado far\u00e1 queima de fogos simult\u00e2nea em diferentes balne\u00e1rios do Litoral e shows de trios el\u00e9tricos.<\/p>\n\n\n\n<p>Nas sextas-feiras, a partir de 3 de janeiro, o Parque de Eventos de Guaratuba e o Centro de Eventos de Matinhos recebem artistas como Michel Tel\u00f3, Jerry Smith, Cesar Menoti e Fabiano, Eduardo Costa, Pedro Paulo e Alex, Edson e Hudson e Alexandre Pires.<\/p>\n\n\n\n<p><strong>LAZER E ESPORTE&nbsp;<\/strong>\u2013 Para ajudar na recrea\u00e7\u00e3o dos veranistas, a superintend\u00eancia do Esporte planejou v\u00e1rias atividades l\u00fadicas e esportivas em seis pontos fixos das praias paranaenses, em Matinhos, Guaratuba e Pontal do Paran\u00e1. A Costa Oeste do Estado tamb\u00e9m ser\u00e1 contemplada com v\u00e1rias atividades de lazer, principalmente no munic\u00edpio de Porto Rico.<\/p>\n\n\n\n<p>Al\u00e9m disso, foi realizado um concurso para contrata\u00e7\u00e3o tempor\u00e1ria de acad\u00eamicos de Educa\u00e7\u00e3o F\u00edsica para atuarem durante as atividades no ver\u00e3o. Os servi\u00e7os estar\u00e3o dispon\u00edveis ao p\u00fablico em janeiro e fevereiro.<\/p>\n\n\n\n<p>\u201cCerca de 100 pessoas v\u00e3o atender os veranistas e turistas. As praias do Litoral v\u00e3o contar com seis postos fixos e dois itinerantes, que ir\u00e3o tamb\u00e9m para as ilhas\u201d, explicou o superintendente do Esporte, H\u00e9lio Wirbiski. \u201cA Costa Oeste tamb\u00e9m ter\u00e1 estrutura para a pr\u00e1tica de atividades f\u00edsicas e de lazer\u201d, disse.<\/p>\n\n\n\n<p><strong>ENERGIA EL\u00c9TRICA<\/strong>&nbsp;\u2013 Com o aumento da demanda por servi\u00e7os, a Copel j\u00e1 refor\u00e7ou o efetivo operacional das unidades do Litoral. Tamb\u00e9m houve investimentos na melhoria da rede el\u00e9trica, totalizando 93 obras conclu\u00eddas, al\u00e9m de outras em andamento com previs\u00e3o de conclus\u00e3o para as pr\u00f3ximas semanas. Haver\u00e1 distribui\u00e7\u00e3o de material educativo sobre o consumo racional de energia.<\/p>\n\n\n\n<p>A Copel ter\u00e1&nbsp;cont\u00eaineres em Matinhos (Caiob\u00e1) e Guaratuba (Praia Central), al\u00e9m de uma unidade m\u00f3vel em Pontal do Paran\u00e1, com orienta\u00e7\u00f5es aos usu\u00e1rios, entrega de folders e empr\u00e9stimo dos patinetes e bicicletas el\u00e9tricas.<\/p>\n\n\n\n<p><strong>LIMPEZA DAS PRAIAS<\/strong>&nbsp;\u2013 A Sanepar fez investimentos para melhoria dos servi\u00e7os de atendimento ao cidad\u00e3o, fornecimento de \u00e1gua e o tratamento de esgoto. Os veranistas poder\u00e3o contar com a Sanepar para a limpeza das praias (coleta manual durante o dia). Ser\u00e3o dez equipes de coleta em Matinhos, Guaratuba e Pontal do Paran\u00e1.<\/p>\n\n\n\n<p>Assim como nos anos anteriores, o projeto das ecoduchas (Chu\u00e1) ser\u00e1 instalado em pontos fixos do Litoral, e outros dois itinerantes. Tamb\u00e9m relacionado \u00e0 limpeza da regi\u00e3o, o Instituto das \u00c1guas do Paran\u00e1 informou que est\u00e1 ajustando todas as quest\u00f5es referentes a limpeza na Ilha do Mel.<\/p>\n\n\n\n<p><strong>QUALIDADE DAS \u00c1GUAS E AMBIENTE<\/strong>&nbsp;\u2013 Na \u00e1rea do meio ambiente, o Instituto Ambiental do Paran\u00e1 (IAP) atuar\u00e1 com a fiscaliza\u00e7\u00e3o das \u00e1reas de prote\u00e7\u00e3o ambiental, junto com a Pol\u00edcia Ambiental, e tamb\u00e9m na prote\u00e7\u00e3o da fauna e da flora.&nbsp;Haver\u00e1 monitoramento das \u00e1guas em 49 pontos do Litoral e outros pontos nas praias artificiais do Lago Itaipu, na Costa Oeste. Tamb\u00e9m est\u00e3o previstas atividades de educa\u00e7\u00e3o ambiental.<\/p>\n\n\n\n<p>O Batalh\u00e3o de Pol\u00edcia Ambiental For\u00e7a Verde (BPAmb-FV), que desenvolve um trabalho de pr\u00e9-temporada, far\u00e1 opera\u00e7\u00f5es e outras a\u00e7\u00f5es para combater a pesca irregular, desmatamento, entre outros crimes.<\/p>\n\n\n\n<p><strong>PROTE\u00c7\u00c3O E EMPREGO<\/strong>&nbsp;\u2013 A Secretaria da Justi\u00e7a, Fam\u00edlia e Trabalho vai realizar diversas opera\u00e7\u00f5es e a\u00e7\u00f5es voltadas para a prote\u00e7\u00e3o da crian\u00e7a e do adolescente, combatendo tamb\u00e9m a explora\u00e7\u00e3o infantil. Tamb\u00e9m est\u00e3o previstas atividades conjuntas com as for\u00e7as policiais do Estado de prote\u00e7\u00e3o \u00e0 crian\u00e7a, como j\u00e1 tem sido realizada, a exemplo da opera\u00e7\u00e3o Inf\u00e2ncia Segura. Em parceria com a Sanepar, a secretaria tamb\u00e9m vai disponibilizar em diferentes pontos do Litoral as cadeiras anf\u00edbias, que permite que pessoas com defici\u00eancia ou dificuldade de locomo\u00e7\u00e3o tomem banho de mar.<\/p>\n\n\n\n<p><strong>TR\u00c2NSITO<\/strong>\u00a0\u2013 Pelo Departamento de Tr\u00e2nsito do Paran\u00e1 (Detran) ser\u00e3o organizadas atividades de educa\u00e7\u00e3o no tr\u00e2nsito, desenvolvendo projetos e abordagens educativas em momentos espec\u00edficos da temporada.\u00a0As equipes estar\u00e3o nos balne\u00e1rios de Matinhos, Guaratuba e Pontal do Paran\u00e1, com atividades nos finais de semana, a partir de janeiro at\u00e9 o carnaval, com tendas junto com os profissionais da Superintend\u00eancia do Esporte.<\/p>\n\n\n\n<p>AEN<br><\/p>\n","protected":false},"excerpt":{"rendered":"<p>O Governo do Estado lan\u00e7ou o Ver\u00e3o Maior para oferecer uma s\u00e9rie de a\u00e7\u00f5es e servi\u00e7os no Litoral e nas praias de \u00e1gua doce do Interior do Estado. A abertura oficial da temporada 2019\/2020, aconteceu neste s\u00e1bado (21) na praia de Caiob\u00e1, em Matinhos, com a presen\u00e7a do vice-governador Darci Piana e entrega de viaturas [&hellip;]<\/p>\n","protected":false},"author":2,"featured_media":24459,"comment_status":"open","ping_status":"open","sticky":false,"template":"","format":"standard","meta":{"advanced_seo_description":"","jetpack_seo_html_title":"","jetpack_seo_noindex":false,"_jetpack_memberships_contains_paid_content":false,"footnotes":""},"categories":[40],"tags":[],"class_list":{"0":"post-24458","1":"post","2":"type-post","3":"status-publish","4":"format-standard","5":"has-post-thumbnail","7":"category-destaques"},"jetpack_featured_media_url":"https:\/\/www.paranapraia.com.br\/wp-content\/uploads\/2019\/12\/20191221_AGB_Verao_Maior7.jpg","jetpack_sharing_enabled":true,"_links":{"self":[{"href":"https:\/\/www.paranapraia.com.br\/index.php\/wp-json\/wp\/v2\/posts\/24458"}],"collection":[{"href":"https:\/\/www.paranapraia.com.br\/index.php\/wp-json\/wp\/v2\/posts"}],"about":[{"href":"https:\/\/www.paranapraia.com.br\/index.php\/wp-json\/wp\/v2\/types\/post"}],"author":[{"embeddable":true,"href":"https:\/\/www.paranapraia.com.br\/index.php\/wp-json\/wp\/v2\/users\/2"}],"replies":[{"embeddable":true,"href":"https:\/\/www.paranapraia.com.br\/index.php\/wp-json\/wp\/v2\/comments?post=24458"}],"version-history":[{"count":1,"href":"https:\/\/www.paranapraia.com.br\/index.php\/wp-json\/wp\/v2\/posts\/24458\/revisions"}],"predecessor-version":[{"id":24460,"href":"https:\/\/www.paranapraia.com.br\/index.php\/wp-json\/wp\/v2\/posts\/24458\/revisions\/24460"}],"wp:featuredmedia":[{"embeddable":true,"href":"https:\/\/www.paranapraia.com.br\/index.php\/wp-json\/wp\/v2\/media\/24459"}],"wp:attachment":[{"href":"https:\/\/www.paranapraia.com.br\/index.php\/wp-json\/wp\/v2\/media?parent=24458"}],"wp:term":[{"taxonomy":"category","embeddable":true,"href":"https:\/\/www.paranapraia.com.br\/index.php\/wp-json\/wp\/v2\/categories?post=24458"},{"taxonomy":"post_tag","embeddable":true,"href":"https:\/\/www.paranapraia.com.br\/index.php\/wp-json\/wp\/v2\/tags?post=24458"}],"curies":[{"name":"wp","href":"https:\/\/api.w.org\/{rel}","templated":true}]}}