{"id":24455,"date":"2019-12-23T16:20:47","date_gmt":"2019-12-23T19:20:47","guid":{"rendered":"https:\/\/www.paranapraia.com.br\/?p=24455"},"modified":"2019-12-23T16:20:48","modified_gmt":"2019-12-23T19:20:48","slug":"seguranca-esvazia-carceragens-do-litoral-para-a-temporada","status":"publish","type":"post","link":"https:\/\/www.paranapraia.com.br\/index.php\/2019\/12\/23\/seguranca-esvazia-carceragens-do-litoral-para-a-temporada\/","title":{"rendered":"Seguran\u00e7a esvazia carceragens do Litoral para a temporada"},"content":{"rendered":"\n<p>Com a transfer\u00eancia de cerca de 75 presos de Paranagu\u00e1 nesta sexta-feira (20), a Secretaria da Seguran\u00e7a P\u00fablica do Paran\u00e1 concluiu o trabalho de esvaziamento das delegacias de pol\u00edcia dos munic\u00edpios litor\u00e2neos. Cerca de 330 presos foram removidos das unidades de Antonina, Guaratuba, Matinhos, Morretes, Paranagu\u00e1 e Pontal do Paran\u00e1 e agora passam a ser custodiados em unidades de Piraquara, na Regi\u00e3o Metropolitana de Curitiba.<\/p>\n\n\n\n<p>As remo\u00e7\u00f5es foram feitas desde o dia 11 e at\u00e9 esta sexta-feira (20) por 57 servidores do Departamento Penitenci\u00e1rio do Paran\u00e1 (Depen), com o aux\u00edlio da Pol\u00edcia Civil e da Pol\u00edcia Militar. \u201c\u00c9 uma das a\u00e7\u00f5es para preparar o Litoral para a chegada dos veranistas, que buscam tranquilidade para o descanso\u201d, destacou o secret\u00e1rio da Seguran\u00e7a P\u00fablica e coordenador do Ver\u00e3o Maior, Romulo Marinho Soares.<\/p>\n\n\n\n<p>Nos nove dias de remo\u00e7\u00f5es, foram feitas 482 movimenta\u00e7\u00f5es de presos. Durante a opera\u00e7\u00e3o ver\u00e3o, que come\u00e7a neste s\u00e1bado (21\/12), devem permanecer nas delegacias de pol\u00edcia e cadeias p\u00fablicas do Litoral apenas os presos em flagrante, que aguardar\u00e3o a fase de investiga\u00e7\u00e3o policial. Por isso, conforme a demanda, est\u00e3o previstos deslocamentos e novos translados de presos.<\/p>\n\n\n\n<p>\u201cAs novas pris\u00f5es come\u00e7am junto com o refor\u00e7o das for\u00e7as policiais no Litoral e, se houver necessidade, faremos novas transfer\u00eancias. O Departamento Penitenci\u00e1rio est\u00e1 preparado para realizar os trabalhos\u201d, afirmou o diretor-geral do Depen, Francisco Alberto Caricati.<\/p>\n\n\n\n<p>O coordenador do Ver\u00e3o Maior dentro da Pol\u00edcia Civil, Gil Rocha Tesserolli, acredita que com o in\u00edcio dos trabalhos das pol\u00edcias, o n\u00famero de pris\u00e3o vai aumentar bastante. \u201cEsta \u00e9 uma medida muito importante e que vai continuar durante toda a Opera\u00e7\u00e3o Ver\u00e3o\u201d, afirmou. \u201cPara a Pol\u00edcia Civil, o trabalho deve refletir em um atendimento mais eficiente \u00e0 comunidade do Litoral e tamb\u00e9m aos veranistas que, por ventura, precisarem utilizar os servi\u00e7os das Delegacias\u201d, diz ele.<\/p>\n\n\n\n<p>Al\u00e9m do esvaziamento, as transfer\u00eancias tamb\u00e9m garantem que cerca de 150 presos que estavam instalados em delegacias da Pol\u00edcia Civil passem a ter as mesmas condi\u00e7\u00f5es de cust\u00f3dia fornecidas em todo o sistema prisional, gerenciadas pelo Departamento Penitenci\u00e1rio.<\/p>\n\n\n\n<p><strong>PRESOS EM DELEGACIAS \u2013<\/strong>&nbsp;Para reduzir a superlota\u00e7\u00e3o em carceragens de delegacias, um problema de d\u00e9cadas e que foi herdado pela atual gest\u00e3o, entre diversas outras a\u00e7\u00f5es, durante o ano de 2019, a Secretaria da Seguran\u00e7a P\u00fablica transferiu 37 carceragens de delegacias da Pol\u00edcia Civil para o Depen.<\/p>\n\n\n\n<p>Com isso, cerca de 6 mil detentos passaram a ter as mesmas condi\u00e7\u00f5es de cust\u00f3dia fornecidas em todo o sistema prisional, e mais de mil policiais civis foram liberados exclusivamente para o trabalho a que compete a fun\u00e7\u00e3o.<\/p>\n\n\n\n<p>AEN<br><\/p>\n","protected":false},"excerpt":{"rendered":"<p>Com a transfer\u00eancia de cerca de 75 presos de Paranagu\u00e1 nesta sexta-feira (20), a Secretaria da Seguran\u00e7a P\u00fablica do Paran\u00e1 concluiu o trabalho de esvaziamento das delegacias de pol\u00edcia dos munic\u00edpios litor\u00e2neos. Cerca de 330 presos foram removidos das unidades de Antonina, Guaratuba, Matinhos, Morretes, Paranagu\u00e1 e Pontal do Paran\u00e1 e agora passam a ser [&hellip;]<\/p>\n","protected":false},"author":2,"featured_media":24456,"comment_status":"open","ping_status":"open","sticky":false,"template":"","format":"standard","meta":{"advanced_seo_description":"","jetpack_seo_html_title":"","jetpack_seo_noindex":false,"_jetpack_memberships_contains_paid_content":false,"footnotes":""},"categories":[40],"tags":[],"class_list":{"0":"post-24455","1":"post","2":"type-post","3":"status-publish","4":"format-standard","5":"has-post-thumbnail","7":"category-destaques"},"jetpack_featured_media_url":"https:\/\/www.paranapraia.com.br\/wp-content\/uploads\/2019\/12\/delegacialitoral.jpg","jetpack_sharing_enabled":true,"_links":{"self":[{"href":"https:\/\/www.paranapraia.com.br\/index.php\/wp-json\/wp\/v2\/posts\/24455"}],"collection":[{"href":"https:\/\/www.paranapraia.com.br\/index.php\/wp-json\/wp\/v2\/posts"}],"about":[{"href":"https:\/\/www.paranapraia.com.br\/index.php\/wp-json\/wp\/v2\/types\/post"}],"author":[{"embeddable":true,"href":"https:\/\/www.paranapraia.com.br\/index.php\/wp-json\/wp\/v2\/users\/2"}],"replies":[{"embeddable":true,"href":"https:\/\/www.paranapraia.com.br\/index.php\/wp-json\/wp\/v2\/comments?post=24455"}],"version-history":[{"count":1,"href":"https:\/\/www.paranapraia.com.br\/index.php\/wp-json\/wp\/v2\/posts\/24455\/revisions"}],"predecessor-version":[{"id":24457,"href":"https:\/\/www.paranapraia.com.br\/index.php\/wp-json\/wp\/v2\/posts\/24455\/revisions\/24457"}],"wp:featuredmedia":[{"embeddable":true,"href":"https:\/\/www.paranapraia.com.br\/index.php\/wp-json\/wp\/v2\/media\/24456"}],"wp:attachment":[{"href":"https:\/\/www.paranapraia.com.br\/index.php\/wp-json\/wp\/v2\/media?parent=24455"}],"wp:term":[{"taxonomy":"category","embeddable":true,"href":"https:\/\/www.paranapraia.com.br\/index.php\/wp-json\/wp\/v2\/categories?post=24455"},{"taxonomy":"post_tag","embeddable":true,"href":"https:\/\/www.paranapraia.com.br\/index.php\/wp-json\/wp\/v2\/tags?post=24455"}],"curies":[{"name":"wp","href":"https:\/\/api.w.org\/{rel}","templated":true}]}}