{"id":24447,"date":"2019-12-19T10:54:32","date_gmt":"2019-12-19T13:54:32","guid":{"rendered":"https:\/\/www.paranapraia.com.br\/?p=24447"},"modified":"2019-12-19T10:54:34","modified_gmt":"2019-12-19T13:54:34","slug":"servicos-publicos-estaduais-terao-horario-especial-entre-o-natal-e-o-ano-novo","status":"publish","type":"post","link":"https:\/\/www.paranapraia.com.br\/index.php\/2019\/12\/19\/servicos-publicos-estaduais-terao-horario-especial-entre-o-natal-e-o-ano-novo\/","title":{"rendered":"Servi\u00e7os p\u00fablicos estaduais ter\u00e3o hor\u00e1rio especial entre o Natal e o Ano-Novo"},"content":{"rendered":"\n<p>Diversos servi\u00e7os p\u00fablicos estaduais param em 23 de dezembro, com retomada do funcionamento normal em 6 de janeiro de 2020. Al\u00e9m dos feriados de Natal e Ano-Novo, foi determinado ponto facultativo nos dias 23 e 24 de dezembro e 2 e 3 de janeiro, conforme decreto referente o recesso. Os servi\u00e7os essenciais n\u00e3o ser\u00e3o afetados nesse per\u00edodo, incluindo hospitais, delegacias e aqueles da \u00e1rea de seguran\u00e7a.<\/p>\n\n\n\n<p>Veja como ser\u00e1 o funcionamento de alguns \u00f3rg\u00e3os p\u00fablicos estaduais:<\/p>\n\n\n\n<p><strong>AQU\u00c1RIO DE PARANAGU\u00c1&nbsp;<\/strong>\u2013 Funciona normalmente no recesso, das 10h \u00e0s 17h30. O local estar\u00e1 fechado apenas nos dias 25 de dezembro e 1\u00ba de janeiro.<\/p>\n\n\n\n<p><strong>BIBLIOTECA<\/strong>&nbsp;\u2013 A Biblioteca P\u00fablica do Paran\u00e1 ter\u00e1 expediente normal at\u00e9 21 de dezembro (s\u00e1bado). Os trabalhos voltam \u00e0 normalidade em 6 de janeiro.<\/p>\n\n\n\n<p><strong>CEASAS<\/strong>&nbsp;\u2013 As da Ceasas do Paran\u00e1, em Curitiba, Maring\u00e1, Londrina, Cascavel e Foz do Igua\u00e7u, assim como a sua administra\u00e7\u00e3o, estar\u00e3o fechadas no Natal, dia 25 de dezembro e 1\u00ba de janeiro de 2020. Algumas unidades funcionam em hor\u00e1rios diferentes no fim do ano. Confira&nbsp;<a href=\"http:\/\/www.aen.pr.gov.br\/modules\/noticias\/article.php?storyid=105104&amp;tit=Ceasas-funcionam-emhorarios-diferentes-no-fim-do-ano\">AQUI.<\/a><\/p>\n\n\n\n<p><strong>COPEL&nbsp;<\/strong>\u2013 Nos dias 24 e 31 de dezembro n\u00e3o haver\u00e1 atendimento nos postos que regularmente abrem apenas no turno da tarde. Nos postos que funcionam pela manh\u00e3 o p\u00fablico ser\u00e1 atendido das 8h \u00e0s 11h30. O mesmo hor\u00e1rio vale para aqueles que funcionam 8 horas por dia. Especificamente nas cidades de Matinhos, Guaratuba e Pontal do Paran\u00e1, nos dias 21 e 28 de dezembro o atendimento ocorrer\u00e1 das 9h \u00e0s 13h e nos dias 24 e 31 de dezembro, das 8h \u00e0s 11h30.<\/p>\n\n\n\n<p><strong>DETRAN&nbsp;<\/strong>\u2013 As unidades do Detran funcionar\u00e3o normalmente nos dias 23, 26, 27 e 30 dezembro. Em 2 e 3 de janeiro das 8h \u00e0s 14h.<\/p>\n\n\n\n<p><strong>FARM\u00c1CIAS DO PARAN\u00c1 &#8211;<\/strong>&nbsp;As unidades das farm\u00e1cias do Paran\u00e1 fechar\u00e3o de 21 de dezembro at\u00e9 5 de janeiro. A exce\u00e7\u00e3o ser\u00e1 a farm\u00e1cia da 18\u00ba regional, de Corn\u00e9lio Proc\u00f3pio, funcion\u00e1 parcialmente nos dias 23, 24, 26, 27, 30, 31 de dezembro e 2 e 3 de janeiro, das 8h \u00e0s 12h.<\/p>\n\n\n\n<p><strong>RECEITA ESTADUAL<\/strong>&nbsp;&#8211; Os servi\u00e7os f\u00edsicos da Secretaria da Fazenda, respons\u00e1vel pela Receita Estadual, n\u00e3o estar\u00e3o dispon\u00edveis de 23 de dezembro at\u00e9 3 de janeiro.<\/p>\n\n\n\n<p><strong>HOSPITAIS P\u00daBLICOS<\/strong>&nbsp;\u2013 Funcionamento normal todos os dias, apenas com revezamento de funcion\u00e1rios na \u00e1rea administrativa.<\/p>\n\n\n\n<p><strong>HEMEPAR&nbsp;<\/strong>\u2013 Os hemocentros de Curitiba e Guarapuava estar\u00e3o fechados nos dias 24, 25 e 31 de dezembro e 1\u00ba de janeiro, funcionando normalmente nos demais dias. O hemocentro de Londrina fecha dias 25 de dezembro e 1\u00ba de janeiro, com atendimento diferenciado no dia 31, das 7h \u00e0s 13h. O hemocentro de Cascavel fechar\u00e1 dias 25 de dezembro e 1\u00ba de janeiro, com atendimento das 8h \u00e0s 12h nos dias 24 e 31 de dezembro. Em Maring\u00e1, fecha em 24 e 25 de dezembro e 1\u00ba de janeiro, com atendimento diferenciado dia 31, das 7h \u00e0s 13h.<\/p>\n\n\n\n<p>As unidades de Coleta e Transfus\u00e3o de Corn\u00e9lio Proc\u00f3pio, Jacarezinho e Toledo fechar\u00e3o entre os dias 23 de dezembro e 3 de janeiro. Por\u00e9m, a unidade de Toledo vai abrir nos dias 27 e 30 de dezembro apenas para coleta. Em Uni\u00e3o da Vit\u00f3ria e Cianorte estar\u00e3o fechadas em 24, 25 e 31 de dezembro e dia 1\u00ba de janeiro. Em Irati, a unidade fecha de 23 de dezembro at\u00e9 3 de janeiro, abrindo aos s\u00e1bados para reposi\u00e7\u00e3o. Em Tel\u00eamaco Borba a unidade fechar\u00e1 dias 24, 25 e 31 de dezembro, al\u00e9m do dia 1\u00ba de janeiro, abrindo normalmente nos demais dias. Em Paranagu\u00e1, fecha dias 23, 24, 25, 30 e 31 de dezembro 1\u00ba de janeiro.<\/p>\n\n\n\n<p>Os hemon\u00facleos de Pato Branco, Francisco Beltr\u00e3o, Foz do Igua\u00e7u e Paranava\u00ed estar\u00e3o fechados nos dias 24, 25 e 31 de dezembro e 1\u00ba de janeiro. O hemon\u00facleo de Umuarama fechar\u00e1 apenas no Natal e Ano-Novo. J\u00e1 em Ponta Grossa, n\u00e3o haver\u00e1 funcionamento entre 20 de dezembro e 6 de janeiro. Em Campo Mour\u00e3o n\u00e3o haver\u00e1 atendimento em 24, 25, 26 e 31 de dezembro e 1 e 2 de janeiro. A unidade de Apucarana fecha de 24 de dezembro at\u00e9 3 de janeiro.<\/p>\n\n\n\n<p><strong>INSTITUTO DE IDENTIFICA\u00c7\u00c3O<\/strong>&nbsp;\u2013 O expediente encerra em 23 de dezembro e o atendimento no hor\u00e1rio usual ocorerr\u00e1 partir 6 de janeiro. Nesse per\u00edodo n\u00e3o haver\u00e1 confec\u00e7\u00e3o e nem entrega de documentos.<\/p>\n\n\n\n<p><strong>MUSEUS\u00a0<\/strong>\u2013 Os museus do Governo do Estado est\u00e3o abertos para visita\u00e7\u00e3o em hor\u00e1rio especial no per\u00edodo desde a v\u00e9spera de Natal at\u00e9 o Ano-Novo. Quem busca uma programa\u00e7\u00e3o cultural em Curitiba pode aproveitar a \u00e9poca para conhecer os espa\u00e7os expositivos do Estado ou mesmo revisit\u00e1-los.<br>Confira a\u00a0<a href=\"http:\/\/www.aen.pr.gov.br\/modules\/noticias\/article.php?storyid=105124&amp;tit=Museus-funcionam-em-horario-especial-entre-o-Natal-e-o-Ano-Novo\">programa\u00e7\u00e3o<\/a>\u00a0e os\u00a0dias e hor\u00e1rios de funcionamento. Os museus fecham apenas \u00e0s segundas-feiras para manuten\u00e7\u00e3o.<\/p>\n\n\n\n<p><strong>POL\u00cdCIA CIVIL<\/strong>&nbsp;\u2013 As delegacias v\u00e3o funcionar normalmente, em regime de plant\u00e3o.<\/p>\n\n\n\n<p><strong>PROCON<\/strong>\u00a0\u2013 O \u00f3rg\u00e3o n\u00e3o ter\u00e1 expediente. O p\u00fablico ser\u00e1 atendido apenas no dia 23 de dezembro e a partir do dia 2 de janeiro em hor\u00e1rio normal, das 9h \u00e0s 17h.<br><\/p>\n\n\n\n<p>AEN<\/p>\n","protected":false},"excerpt":{"rendered":"<p>Diversos servi\u00e7os p\u00fablicos estaduais param em 23 de dezembro, com retomada do funcionamento normal em 6 de janeiro de 2020. Al\u00e9m dos feriados de Natal e Ano-Novo, foi determinado ponto facultativo nos dias 23 e 24 de dezembro e 2 e 3 de janeiro, conforme decreto referente o recesso. Os servi\u00e7os essenciais n\u00e3o ser\u00e3o afetados [&hellip;]<\/p>\n","protected":false},"author":2,"featured_media":24448,"comment_status":"open","ping_status":"open","sticky":false,"template":"","format":"standard","meta":{"advanced_seo_description":"","jetpack_seo_html_title":"","jetpack_seo_noindex":false,"_jetpack_memberships_contains_paid_content":false,"footnotes":""},"categories":[40],"tags":[],"class_list":{"0":"post-24447","1":"post","2":"type-post","3":"status-publish","4":"format-standard","5":"has-post-thumbnail","7":"category-destaques"},"jetpack_featured_media_url":"https:\/\/www.paranapraia.com.br\/wp-content\/uploads\/2019\/12\/curita.jpg","jetpack_sharing_enabled":true,"_links":{"self":[{"href":"https:\/\/www.paranapraia.com.br\/index.php\/wp-json\/wp\/v2\/posts\/24447"}],"collection":[{"href":"https:\/\/www.paranapraia.com.br\/index.php\/wp-json\/wp\/v2\/posts"}],"about":[{"href":"https:\/\/www.paranapraia.com.br\/index.php\/wp-json\/wp\/v2\/types\/post"}],"author":[{"embeddable":true,"href":"https:\/\/www.paranapraia.com.br\/index.php\/wp-json\/wp\/v2\/users\/2"}],"replies":[{"embeddable":true,"href":"https:\/\/www.paranapraia.com.br\/index.php\/wp-json\/wp\/v2\/comments?post=24447"}],"version-history":[{"count":1,"href":"https:\/\/www.paranapraia.com.br\/index.php\/wp-json\/wp\/v2\/posts\/24447\/revisions"}],"predecessor-version":[{"id":24449,"href":"https:\/\/www.paranapraia.com.br\/index.php\/wp-json\/wp\/v2\/posts\/24447\/revisions\/24449"}],"wp:featuredmedia":[{"embeddable":true,"href":"https:\/\/www.paranapraia.com.br\/index.php\/wp-json\/wp\/v2\/media\/24448"}],"wp:attachment":[{"href":"https:\/\/www.paranapraia.com.br\/index.php\/wp-json\/wp\/v2\/media?parent=24447"}],"wp:term":[{"taxonomy":"category","embeddable":true,"href":"https:\/\/www.paranapraia.com.br\/index.php\/wp-json\/wp\/v2\/categories?post=24447"},{"taxonomy":"post_tag","embeddable":true,"href":"https:\/\/www.paranapraia.com.br\/index.php\/wp-json\/wp\/v2\/tags?post=24447"}],"curies":[{"name":"wp","href":"https:\/\/api.w.org\/{rel}","templated":true}]}}