{"id":24440,"date":"2019-12-18T19:36:17","date_gmt":"2019-12-18T22:36:17","guid":{"rendered":"https:\/\/www.paranapraia.com.br\/?p=24440"},"modified":"2019-12-18T19:36:18","modified_gmt":"2019-12-18T22:36:18","slug":"salvador-vai-sediar-congresso-de-educacao-inclusiva-em-2020","status":"publish","type":"post","link":"https:\/\/www.paranapraia.com.br\/index.php\/2019\/12\/18\/salvador-vai-sediar-congresso-de-educacao-inclusiva-em-2020\/","title":{"rendered":"Salvador vai sediar Congresso de Educa\u00e7\u00e3o Inclusiva em 2020"},"content":{"rendered":"\n<p>As inscri\u00e7\u00f5es para o I Congresso de Educa\u00e7\u00e3o Inclusiva: Interc\u00e2mbio entre Profissionais da Educa\u00e7\u00e3o dos Pa\u00edses de L\u00edngua Portuguesa (CEI), confirmado para os dias 28 e 29 de mar\u00e7o de 2020 no Portobello Ondina Praia Hotel, em Salvador, ser\u00e3o iniciadas a partir desta sexta-feira (29). O objetivo do evento \u00e9 possibilitar uma vis\u00e3o global da educa\u00e7\u00e3o inclusiva e, atrav\u00e9s dos conhecimentos e experi\u00eancias compartilhados, fortalecer as pr\u00e1ticas educativas. Os primeiros 50 inscritos concorrer\u00e3o a pr\u00eamios.<\/p>\n\n\n\n<p>A inclus\u00e3o escolar de pessoas com defici\u00eancia \u00e9, ainda, um grande desafio. O tema \u00e9 foco de in\u00fameras discuss\u00f5es na atualidade, tendo em vista a necessidade do respeito \u00e0s diferen\u00e7as, dos direitos iguais de acesso ao conhecimento e do ensino de qualidade. Diante deste cen\u00e1rio, \u201co interc\u00e2mbio entre profissionais da educa\u00e7\u00e3o de pa\u00edses que falam a l\u00edngua portuguesa surge como uma oportunidade preciosa de trocas sobre o assunto\u201d, afirmou uma das organizadoras do evento, a psicopedagoga da McSilva Produ\u00e7\u00f5es e Eventos, Patr\u00edcia Silva.<\/p>\n\n\n\n<p>Segundo ela, a programa\u00e7\u00e3o do CEI contribuir\u00e1 de forma significativa para o alcance de um melhor atendimento \u00e0s pessoas com defici\u00eancia nas escolas, al\u00e9m de favorecer a identifica\u00e7\u00e3o das barreiras que dificultam a aprendizagem. \u201cO compartilhamento das melhores pr\u00e1ticas do processo de inclus\u00e3o entre representantes de diferentes pa\u00edses favorecer\u00e1 a busca por novos caminhos e estrat\u00e9gias que colaborem para o avan\u00e7o da educa\u00e7\u00e3o inclusiva\u201d, frisou.<\/p>\n\n\n\n<p>De acordo com o palestrante, educador, consultor e autor de livros, Tiago Aquino (Pa\u00e7oca), tamb\u00e9m organizador do Congresso atrav\u00e9s de sua empresa paulista \u201cBrincadeiras e Jogos\u201d, os participantes do CEI ter\u00e3o uma oportunidade \u00fanica de estar \u201cem um dos eventos mais esperados em 2020 que, depois de passar pela \u00c1frica e Europa, chega, finalmente, ao Brasil. Os estudos e pr\u00e1ticas atualizadas em educa\u00e7\u00e3o inclusiva e o interc\u00e2mbio entre os educadores s\u00e3o grandes destaques do encontro. O CEI tamb\u00e9m se diferencia por ser sediado na linda cidade de Salvador que, sem d\u00favida, envolver\u00e1 o evento com muita cultura e arte\u201d, destacou.<\/p>\n\n\n\n<p>Os temas das palestras, os palestrantes nacionais e internacionais e a programa\u00e7\u00e3o cient\u00edfica completa ser\u00e3o divulgados pelos organizadores em breve. Al\u00e9m de ricas palestras, o evento contar\u00e1 com apresenta\u00e7\u00f5es culturais, noite baiana, lan\u00e7amento de livros, city tour \u2013 para participantes de outras localidades que optarem pelo passeio \u2013 e outras surpresas. Mais informa\u00e7\u00f5es podem ser solicitadas pelo whatsapp (71) 98202-5143. As inscri\u00e7\u00f5es podem ser feitas atrav\u00e9s deste link:\u00a0<a href=\"https:\/\/www.sympla.com.br\/mcsilvaeventos\">www.sympla.com.br\/mcsilvaeventos.<\/a><\/p>\n\n\n\n<p>ACEB<\/p>\n","protected":false},"excerpt":{"rendered":"<p>As inscri\u00e7\u00f5es para o I Congresso de Educa\u00e7\u00e3o Inclusiva: Interc\u00e2mbio entre Profissionais da Educa\u00e7\u00e3o dos Pa\u00edses de L\u00edngua Portuguesa (CEI), confirmado para os dias 28 e 29 de mar\u00e7o de 2020 no Portobello Ondina Praia Hotel, em Salvador, ser\u00e3o iniciadas a partir desta sexta-feira (29). O objetivo do evento \u00e9 possibilitar uma vis\u00e3o global da [&hellip;]<\/p>\n","protected":false},"author":2,"featured_media":24441,"comment_status":"open","ping_status":"open","sticky":false,"template":"","format":"standard","meta":{"advanced_seo_description":"","jetpack_seo_html_title":"","jetpack_seo_noindex":false,"_jetpack_memberships_contains_paid_content":false,"footnotes":""},"categories":[45],"tags":[],"class_list":{"0":"post-24440","1":"post","2":"type-post","3":"status-publish","4":"format-standard","5":"has-post-thumbnail","7":"category-qualidade-de-vida"},"jetpack_featured_media_url":"https:\/\/www.paranapraia.com.br\/wp-content\/uploads\/2019\/12\/c6874d74-34f6-4f55-a078-909ca3dc0e2f-696x464.jpg","jetpack_sharing_enabled":true,"_links":{"self":[{"href":"https:\/\/www.paranapraia.com.br\/index.php\/wp-json\/wp\/v2\/posts\/24440"}],"collection":[{"href":"https:\/\/www.paranapraia.com.br\/index.php\/wp-json\/wp\/v2\/posts"}],"about":[{"href":"https:\/\/www.paranapraia.com.br\/index.php\/wp-json\/wp\/v2\/types\/post"}],"author":[{"embeddable":true,"href":"https:\/\/www.paranapraia.com.br\/index.php\/wp-json\/wp\/v2\/users\/2"}],"replies":[{"embeddable":true,"href":"https:\/\/www.paranapraia.com.br\/index.php\/wp-json\/wp\/v2\/comments?post=24440"}],"version-history":[{"count":1,"href":"https:\/\/www.paranapraia.com.br\/index.php\/wp-json\/wp\/v2\/posts\/24440\/revisions"}],"predecessor-version":[{"id":24442,"href":"https:\/\/www.paranapraia.com.br\/index.php\/wp-json\/wp\/v2\/posts\/24440\/revisions\/24442"}],"wp:featuredmedia":[{"embeddable":true,"href":"https:\/\/www.paranapraia.com.br\/index.php\/wp-json\/wp\/v2\/media\/24441"}],"wp:attachment":[{"href":"https:\/\/www.paranapraia.com.br\/index.php\/wp-json\/wp\/v2\/media?parent=24440"}],"wp:term":[{"taxonomy":"category","embeddable":true,"href":"https:\/\/www.paranapraia.com.br\/index.php\/wp-json\/wp\/v2\/categories?post=24440"},{"taxonomy":"post_tag","embeddable":true,"href":"https:\/\/www.paranapraia.com.br\/index.php\/wp-json\/wp\/v2\/tags?post=24440"}],"curies":[{"name":"wp","href":"https:\/\/api.w.org\/{rel}","templated":true}]}}