{"id":24032,"date":"2019-12-05T16:23:22","date_gmt":"2019-12-05T19:23:22","guid":{"rendered":"https:\/\/www.paranapraia.com.br\/?p=24032"},"modified":"2019-12-05T16:23:23","modified_gmt":"2019-12-05T19:23:23","slug":"pm-limpa-o-litoral-de-traficantes-para-preparar-chegada-dos-veranistas","status":"publish","type":"post","link":"https:\/\/www.paranapraia.com.br\/index.php\/2019\/12\/05\/pm-limpa-o-litoral-de-traficantes-para-preparar-chegada-dos-veranistas\/","title":{"rendered":"PM limpa o litoral de traficantes para preparar chegada dos veranistas"},"content":{"rendered":"\n<p>Para preparar a chegada da Opera\u00e7\u00e3o Ver\u00e3o, a Pol\u00edcia Militar (PM) fez opera\u00e7\u00e3o na madrugada desta quinta-feira (5) contra o tr\u00e1fico de drogas no litoral do Paran\u00e1. A Opera\u00e7\u00e3o Litoral Seguro mirou tr\u00eas quadrilhas que atuam em Matinhos, Pontal do Paran\u00e1, Paranagu\u00e1, al\u00e9m de Colombo e Arauc\u00e1ria, na regi\u00e3o metropolitana de Curitiba. At\u00e9 9h30 desta quinta, 27 pessoas foram presas.<\/p>\n\n\n\n<p>Antes da opera\u00e7\u00e3o, o servi\u00e7o de intelig\u00eancia da PM acompanhou as quadrilhas por quase um ano, com apoio do Minist\u00e9rio P\u00fablico do Paran\u00e1 (MP-PR), que solicitou \u00e0 Justi\u00e7a os 32 mandados de busca e apreens\u00e3o e 29 de pris\u00e3o. \u201cfizemos um plano de combate ao tr\u00e1fico de drogas para que quando os veranistas chegarem ao Litoral tenham mais seguran\u00e7a para o lazer\u201d, explica o coronel S\u00e9rgio Augusto Ramos, que comandou a opera\u00e7\u00e3o.<\/p>\n\n\n\n<p>O centro de atua\u00e7\u00e3o das quadrilhas era em Pontal do Paran\u00e1, nos balne\u00e1rios de Praia de Leste, Primavera, Shangri-l\u00e1 e Pontal do Sul. Os grupos criminosos tamb\u00e9m tinham representantes na regi\u00e3o metropolitana de Curitiba. Antes da opera\u00e7\u00e3o, quatro pessoas j\u00e1 haviam sido presas dentro do levantamento da PM com muni\u00e7\u00f5es e um fuzil calibre 7,62.<\/p>\n\n\n\n<p>Al\u00e9m de tr\u00e1fico, os presos na opera\u00e7\u00e3o devem responder por organiza\u00e7\u00e3o criminosa, posse\/porte ilegal de arma de fogo, recepta\u00e7\u00e3o, falsidade ideol\u00f3gica, entre outros crimes.<\/p>\n\n\n\n<p>Tribuna PR<br><\/p>\n","protected":false},"excerpt":{"rendered":"<p>Para preparar a chegada da Opera\u00e7\u00e3o Ver\u00e3o, a Pol\u00edcia Militar (PM) fez opera\u00e7\u00e3o na madrugada desta quinta-feira (5) contra o tr\u00e1fico de drogas no litoral do Paran\u00e1. A Opera\u00e7\u00e3o Litoral Seguro mirou tr\u00eas quadrilhas que atuam em Matinhos, Pontal do Paran\u00e1, Paranagu\u00e1, al\u00e9m de Colombo e Arauc\u00e1ria, na regi\u00e3o metropolitana de Curitiba. At\u00e9 9h30 desta [&hellip;]<\/p>\n","protected":false},"author":2,"featured_media":24033,"comment_status":"open","ping_status":"open","sticky":false,"template":"","format":"standard","meta":{"advanced_seo_description":"","jetpack_seo_html_title":"","jetpack_seo_noindex":false,"_jetpack_memberships_contains_paid_content":false,"footnotes":""},"categories":[33],"tags":[],"class_list":{"0":"post-24032","1":"post","2":"type-post","3":"status-publish","4":"format-standard","5":"has-post-thumbnail","7":"category-policia"},"jetpack_featured_media_url":"https:\/\/www.paranapraia.com.br\/wp-content\/uploads\/2019\/12\/pmm.jpg","jetpack_sharing_enabled":true,"_links":{"self":[{"href":"https:\/\/www.paranapraia.com.br\/index.php\/wp-json\/wp\/v2\/posts\/24032"}],"collection":[{"href":"https:\/\/www.paranapraia.com.br\/index.php\/wp-json\/wp\/v2\/posts"}],"about":[{"href":"https:\/\/www.paranapraia.com.br\/index.php\/wp-json\/wp\/v2\/types\/post"}],"author":[{"embeddable":true,"href":"https:\/\/www.paranapraia.com.br\/index.php\/wp-json\/wp\/v2\/users\/2"}],"replies":[{"embeddable":true,"href":"https:\/\/www.paranapraia.com.br\/index.php\/wp-json\/wp\/v2\/comments?post=24032"}],"version-history":[{"count":1,"href":"https:\/\/www.paranapraia.com.br\/index.php\/wp-json\/wp\/v2\/posts\/24032\/revisions"}],"predecessor-version":[{"id":24034,"href":"https:\/\/www.paranapraia.com.br\/index.php\/wp-json\/wp\/v2\/posts\/24032\/revisions\/24034"}],"wp:featuredmedia":[{"embeddable":true,"href":"https:\/\/www.paranapraia.com.br\/index.php\/wp-json\/wp\/v2\/media\/24033"}],"wp:attachment":[{"href":"https:\/\/www.paranapraia.com.br\/index.php\/wp-json\/wp\/v2\/media?parent=24032"}],"wp:term":[{"taxonomy":"category","embeddable":true,"href":"https:\/\/www.paranapraia.com.br\/index.php\/wp-json\/wp\/v2\/categories?post=24032"},{"taxonomy":"post_tag","embeddable":true,"href":"https:\/\/www.paranapraia.com.br\/index.php\/wp-json\/wp\/v2\/tags?post=24032"}],"curies":[{"name":"wp","href":"https:\/\/api.w.org\/{rel}","templated":true}]}}