{"id":23975,"date":"2019-12-05T11:53:18","date_gmt":"2019-12-05T14:53:18","guid":{"rendered":"https:\/\/www.paranapraia.com.br\/?p=23975"},"modified":"2019-12-05T11:53:20","modified_gmt":"2019-12-05T14:53:20","slug":"policia-militar-desarticula-quadrilhas-no-litoral-e-rmc","status":"publish","type":"post","link":"https:\/\/www.paranapraia.com.br\/index.php\/2019\/12\/05\/policia-militar-desarticula-quadrilhas-no-litoral-e-rmc\/","title":{"rendered":"Pol\u00edcia Militar desarticula quadrilhas no Litoral e RMC"},"content":{"rendered":"\n<p>A Pol\u00edcia Militar desencadeou uma grande opera\u00e7\u00e3o nas cidades de Matinhos, Pontal do Paran\u00e1, Paranagu\u00e1, Colombo e Arauc\u00e1ria na madrugada desta quinta-feira (05) para desarticular tr\u00eas quadrilhas envolvidas em tr\u00e1fico de drogas e homic\u00eddios no Litoral.<\/p>\n\n\n\n<p>Nesta quinta-feira (05), o balan\u00e7o da Opera\u00e7\u00e3o Litoral Seguro foi de 27 pessoas presas (29 mandados de Pris\u00e3o expedidos, todos cumpridos) e de 32 mandados de busca e apreens\u00e3o emitidos, todos cumpridos tamb\u00e9m, totalizando 61 mandados judiciais. Devido \u00e0 estrat\u00e9gia pr\u00e9via das equipes policiais, em todos os cumprimentos judiciais n\u00e3o houve confrontos e os encaminhamentos ocorreram sem problemas.<\/p>\n\n\n\n<p>A investiga\u00e7\u00e3o para apurar a a\u00e7\u00e3o das quadrilhas durou quase um ano, e contou com o apoio do Minist\u00e9rio P\u00fablico de Pontal do Paran\u00e1, para a emiss\u00e3o dos mandados judiciais e nas dilig\u00eancias feitas pelas equipes policiais para verificar a rotina dos criminosos desde o envio, passando pela distribui\u00e7\u00e3o e preparo das subst\u00e2ncias, at\u00e9 chegar aos pontos de venda das drogas.<\/p>\n\n\n\n<p>Os cumprimentos come\u00e7aram \u00e0s 6 horas, com equipes distribu\u00eddas em Matinhos, Pontal do Paran\u00e1, Paranagu\u00e1, no Litoral, e Colombo e Arauc\u00e1ria, na Regi\u00e3o Metropolitana de Curitiba.<\/p>\n\n\n\n<p>\u201cFizemos essa a\u00e7\u00e3o para que possamos minimizar ao m\u00e1ximo os efeitos da criminalidade. O tr\u00e1fico de drogas alimenta outros crimes como furtos, roubos e at\u00e9 mesmo os mais graves, como explos\u00e3o de caixas eletr\u00f4nicos\u201d, disse o subcomandante do 6\u00ba Comando Regional da PM, tenente-coronel S\u00e9rgio Augusto Ramos.<\/p>\n\n\n\n<p>Ele tamb\u00e9m afirmou que a opera\u00e7\u00e3o Litoral Seguro faz parte de um conjunto de esfor\u00e7os da Pol\u00edcia Militar da pr\u00e9-temporada de ver\u00e3o, para retirar de circula\u00e7\u00e3o drogas, armas, pessoas foragidas da Justi\u00e7a, e desmobilizar grupos criminosos envolvidos em homic\u00eddios e tr\u00e1fico de drogas. \u201cObservamos v\u00e1rias atividades relacionadas ao tr\u00e1fico de drogas, por isso fizemos um plano de combate a esse crime para que, quando os veranistas chegarem ao Litoral, tenham mais seguran\u00e7a para o lazer\u201d, disse.<\/p>\n\n\n\n<p>Durante o trabalho de apura\u00e7\u00e3o, os policiais militares descobriram que o centro de atua\u00e7\u00e3o dos grupos criminosos era em Pontal do Paran\u00e1, nos balne\u00e1rios de Praia de Leste, Primavera, Shangri-l\u00e1 e Pontal do Sul. Dali, mantinham integrantes em pontos da Regi\u00e3o Metropolitana (Arauc\u00e1ria e Colombo).<\/p>\n\n\n\n<p>Durante o per\u00edodo de investiga\u00e7\u00f5es, quatro pessoas foram presas e um fuzil de calibre 7,62 e 50 muni\u00e7\u00f5es do mesmo calibre apreendidos.<\/p>\n\n\n\n<p>De acordo com o tenente-coronel Ramos, os presos podem responder por organiza\u00e7\u00e3o criminosa, tr\u00e1fico de drogas, posse\/porte ilegal de arma de fogo, recepta\u00e7\u00e3o, falsidade ideol\u00f3gica, dentre outros crimes. Ainda segundo ele, outras a\u00e7\u00f5es da PM est\u00e3o sendo feitas, em v\u00e1rios pontos do Litoral, para desmantelar organiza\u00e7\u00f5es criminosas.<\/p>\n\n\n\n<p>AEN<br><\/p>\n","protected":false},"excerpt":{"rendered":"<p>A Pol\u00edcia Militar desencadeou uma grande opera\u00e7\u00e3o nas cidades de Matinhos, Pontal do Paran\u00e1, Paranagu\u00e1, Colombo e Arauc\u00e1ria na madrugada desta quinta-feira (05) para desarticular tr\u00eas quadrilhas envolvidas em tr\u00e1fico de drogas e homic\u00eddios no Litoral. Nesta quinta-feira (05), o balan\u00e7o da Opera\u00e7\u00e3o Litoral Seguro foi de 27 pessoas presas (29 mandados de Pris\u00e3o expedidos, [&hellip;]<\/p>\n","protected":false},"author":2,"featured_media":23976,"comment_status":"open","ping_status":"open","sticky":false,"template":"","format":"standard","meta":{"advanced_seo_description":"","jetpack_seo_html_title":"","jetpack_seo_noindex":false,"_jetpack_memberships_contains_paid_content":false,"footnotes":""},"categories":[40],"tags":[],"class_list":{"0":"post-23975","1":"post","2":"type-post","3":"status-publish","4":"format-standard","5":"has-post-thumbnail","7":"category-destaques"},"jetpack_featured_media_url":"https:\/\/www.paranapraia.com.br\/wp-content\/uploads\/2019\/12\/drogg.jpg","jetpack_sharing_enabled":true,"_links":{"self":[{"href":"https:\/\/www.paranapraia.com.br\/index.php\/wp-json\/wp\/v2\/posts\/23975"}],"collection":[{"href":"https:\/\/www.paranapraia.com.br\/index.php\/wp-json\/wp\/v2\/posts"}],"about":[{"href":"https:\/\/www.paranapraia.com.br\/index.php\/wp-json\/wp\/v2\/types\/post"}],"author":[{"embeddable":true,"href":"https:\/\/www.paranapraia.com.br\/index.php\/wp-json\/wp\/v2\/users\/2"}],"replies":[{"embeddable":true,"href":"https:\/\/www.paranapraia.com.br\/index.php\/wp-json\/wp\/v2\/comments?post=23975"}],"version-history":[{"count":1,"href":"https:\/\/www.paranapraia.com.br\/index.php\/wp-json\/wp\/v2\/posts\/23975\/revisions"}],"predecessor-version":[{"id":23977,"href":"https:\/\/www.paranapraia.com.br\/index.php\/wp-json\/wp\/v2\/posts\/23975\/revisions\/23977"}],"wp:featuredmedia":[{"embeddable":true,"href":"https:\/\/www.paranapraia.com.br\/index.php\/wp-json\/wp\/v2\/media\/23976"}],"wp:attachment":[{"href":"https:\/\/www.paranapraia.com.br\/index.php\/wp-json\/wp\/v2\/media?parent=23975"}],"wp:term":[{"taxonomy":"category","embeddable":true,"href":"https:\/\/www.paranapraia.com.br\/index.php\/wp-json\/wp\/v2\/categories?post=23975"},{"taxonomy":"post_tag","embeddable":true,"href":"https:\/\/www.paranapraia.com.br\/index.php\/wp-json\/wp\/v2\/tags?post=23975"}],"curies":[{"name":"wp","href":"https:\/\/api.w.org\/{rel}","templated":true}]}}