{"id":23968,"date":"2019-12-04T16:31:39","date_gmt":"2019-12-04T19:31:39","guid":{"rendered":"https:\/\/www.paranapraia.com.br\/?p=23968"},"modified":"2019-12-04T16:31:56","modified_gmt":"2019-12-04T19:31:56","slug":"assaltantes-fogem-da-policia-com-refens-em-capo-de-caminhonete-em-sc","status":"publish","type":"post","link":"https:\/\/www.paranapraia.com.br\/index.php\/2019\/12\/04\/assaltantes-fogem-da-policia-com-refens-em-capo-de-caminhonete-em-sc\/","title":{"rendered":"Assaltantes fogem da pol\u00edcia com ref\u00e9ns em cap\u00f4 de caminhonete em SC"},"content":{"rendered":"\n<p>Pelo menos sete pessoas foram feitas ref\u00e9ns e usadas como escudo humano por um grupo criminoso em\u00a0Vidal Ramos, no Vale do Itaja\u00ed, durante um assalto a ag\u00eancias banc\u00e1rias na manh\u00e3 desta quarta-feira (4). Dois homens ficaram feridos e ningu\u00e9m foi preso. No in\u00edcio da tarde, os ref\u00e9ns j\u00e1 haviam sido liberados. At\u00e9 as 15h30, a pol\u00edcia buscava os criminosos.<\/p>\n\n\n\n<p>De acordo com a Pol\u00edcia Militar, por volta das 11h o grupo fez v\u00e1rios disparos para assustar os moradores do munic\u00edpio de pouco mais de 6 mil habitantes. Eles chegaram a fazer um escudo humano na frente das duas ag\u00eancias: um banco e uma cooperativa de cr\u00e9dito. A reportagem entrou em contato com a assessoria do Banco do Brasil e, at\u00e9 a \u00faltima atualiza\u00e7\u00e3o desta reportagem, n\u00e3o obteve resposta. A reportagem n\u00e3o conseguiu contato com a assessoria da Cresol.<\/p>\n\n\n\n<p>A princ\u00edpio, havia pelo menos quatro criminosos com armas longas, conforme a PM. Os assaltantes fugiram em uma caminhonete preta com ref\u00e9ns: dois ficaram deitados de bru\u00e7os no cap\u00f4, uma pessoa na lateral esquerda do carro e outras tr\u00eas na ca\u00e7amba. A PM diz que ainda havia um s\u00e9timo ref\u00e9m<strong>.<\/strong><\/p>\n\n\n\n<p>Outros dois ve\u00edculos tamb\u00e9m foram usados no assalto, segundo a PM. Na fuga, os criminosos\u00a0atearam fogo em pelo menos tr\u00eas ve\u00edculos\u00a0para atrapalhar a passagem de viaturas, sendo um caminh\u00e3o, a caminhonete utilizada na fuga com os ref\u00e9ns e mais um carro.<\/p>\n\n\n\n<p>O caminh\u00e3o foi queimado na SC-110 e os bombeiros controlaram as chamas. A Pol\u00edcia Militar Rodovi\u00e1ria (PMRv) de\u00a0Aurora\u00a0registrou filas no local, pois os dois sentidos da rodovia ficaram bloqueados. Um guincho retirou o caminh\u00e3o incendiado da SC-110 e o tr\u00e2nsito foi liberado por volta das 15h.<\/p>\n\n\n\n<p>J\u00e1 a caminhonete preta utilizada para fugir do Centro de Vidal Ramos com os ref\u00e9ns foi incendiada pelos criminosos na localidade de Chapad\u00e3o do Tigre, no interior de Vidal Ramos. Outro carro tamb\u00e9m foi encontrado incendiado em uma estrada rural na regi\u00e3o.<\/p>\n\n\n\n<p>At\u00e9 as 15h30, as pol\u00edcias Militar e Civil faziam buscam pelos criminosos. Helic\u00f3pteros da PM vindos de Florian\u00f3polis, Joinville, no Norte do estado, e Balne\u00e1rio Cambori\u00fa, no Litoral Norte, atuavam na ocorr\u00eancia.<\/p>\n\n\n\n<h2 class=\"wp-block-heading\">V\u00edtimas e ref\u00e9ns<\/h2>\n\n\n\n<p>Ao menos dois homens ficaram feridos durante o assalto, conforme a PM. Um deles, o gerente de uma das ag\u00eancias, levou um tiro no p\u00e9. A outra v\u00edtima sofreu ferimentos mais graves \u2013 as equipes de resgate n\u00e3o deram detalhes sobre isso.<\/p>\n\n\n\n<p>\u00c0s 14h, o homem em estado mais grave foi deixado pela equipe do helic\u00f3ptero Arcanjo, dos bombeiros, no hospital de\u00a0Ituporanga. Segundo eles, ambul\u00e2ncias de cidades vizinhas n\u00e3o conseguiram chegar a Vidal Ramos para socorrer as v\u00edtimas por causa do caminh\u00e3o incendiado. A PM informou \u00e0s 15h15 que os dois feridos estavam bem.<\/p>\n\n\n\n<figure class=\"wp-block-image\"><img decoding=\"async\" src=\"https:\/\/s2.glbimg.com\/gTVqGqIsJUaBo4TGwA83RRMibj8=\/0x0:1280x960\/984x0\/smart\/filters:strip_icc()\/i.s3.glbimg.com\/v1\/AUTH_59edd422c0c84a879bd37670ae4f538a\/internal_photos\/bs\/2019\/z\/i\/2aF2kVRTSrRFZFRk8liw\/incendiada.jpg\" alt=\"Carro utilizado pelos suspeitos foi queimado no interior do munic\u00edpio de Vidal Ramos \u2014 Foto: Reprodu\u00e7\u00e3o\/ NSC TV\"\/><\/figure>\n\n\n\n<p>Carro utilizado pelos suspeitos foi queimado no interior do munic\u00edpio de Vidal Ramos \u2014 Foto: Reprodu\u00e7\u00e3o\/ NSC TV<\/p>\n\n\n\n<h2 class=\"wp-block-heading\">Veja, abaixo, o que se sabe at\u00e9 agora sobre o caso:<\/h2>\n\n\n\n<ul class=\"wp-block-list\"><li>Por volta das 11h, uma quadrilha invadiu um banco e uma cooperativa de cr\u00e9dito, no Centro de Vidal Ramos.<\/li><li>Criminosos usaram pelo menos tr\u00eas ve\u00edculos para fuga, entre eles uma caminhonete com ref\u00e9ns no cap\u00f4.<\/li><li>Duas v\u00edtimas ficaram feridas.<\/li><li>Tr\u00eas ve\u00edculos foram incendiados; um deles acabou interrompendo os dois sentidos da SC-110, entre Ituporanga e Vidal Ramos. O tr\u00e2nsito foi liberado por volta das 15h.<\/li><li>Ningu\u00e9m foi preso.<\/li><\/ul>\n\n\n\n<p>G1SC<\/p>\n","protected":false},"excerpt":{"rendered":"<p>Pelo menos sete pessoas foram feitas ref\u00e9ns e usadas como escudo humano por um grupo criminoso em\u00a0Vidal Ramos, no Vale do Itaja\u00ed, durante um assalto a ag\u00eancias banc\u00e1rias na manh\u00e3 desta quarta-feira (4). Dois homens ficaram feridos e ningu\u00e9m foi preso. No in\u00edcio da tarde, os ref\u00e9ns j\u00e1 haviam sido liberados. At\u00e9 as 15h30, a [&hellip;]<\/p>\n","protected":false},"author":2,"featured_media":23970,"comment_status":"open","ping_status":"open","sticky":false,"template":"","format":"standard","meta":{"advanced_seo_description":"","jetpack_seo_html_title":"","jetpack_seo_noindex":false,"_jetpack_memberships_contains_paid_content":false,"footnotes":""},"categories":[40],"tags":[],"class_list":{"0":"post-23968","1":"post","2":"type-post","3":"status-publish","4":"format-standard","5":"has-post-thumbnail","7":"category-destaques"},"jetpack_featured_media_url":"https:\/\/www.paranapraia.com.br\/wp-content\/uploads\/2019\/12\/assalt.jpg","jetpack_sharing_enabled":true,"_links":{"self":[{"href":"https:\/\/www.paranapraia.com.br\/index.php\/wp-json\/wp\/v2\/posts\/23968"}],"collection":[{"href":"https:\/\/www.paranapraia.com.br\/index.php\/wp-json\/wp\/v2\/posts"}],"about":[{"href":"https:\/\/www.paranapraia.com.br\/index.php\/wp-json\/wp\/v2\/types\/post"}],"author":[{"embeddable":true,"href":"https:\/\/www.paranapraia.com.br\/index.php\/wp-json\/wp\/v2\/users\/2"}],"replies":[{"embeddable":true,"href":"https:\/\/www.paranapraia.com.br\/index.php\/wp-json\/wp\/v2\/comments?post=23968"}],"version-history":[{"count":1,"href":"https:\/\/www.paranapraia.com.br\/index.php\/wp-json\/wp\/v2\/posts\/23968\/revisions"}],"predecessor-version":[{"id":23971,"href":"https:\/\/www.paranapraia.com.br\/index.php\/wp-json\/wp\/v2\/posts\/23968\/revisions\/23971"}],"wp:featuredmedia":[{"embeddable":true,"href":"https:\/\/www.paranapraia.com.br\/index.php\/wp-json\/wp\/v2\/media\/23970"}],"wp:attachment":[{"href":"https:\/\/www.paranapraia.com.br\/index.php\/wp-json\/wp\/v2\/media?parent=23968"}],"wp:term":[{"taxonomy":"category","embeddable":true,"href":"https:\/\/www.paranapraia.com.br\/index.php\/wp-json\/wp\/v2\/categories?post=23968"},{"taxonomy":"post_tag","embeddable":true,"href":"https:\/\/www.paranapraia.com.br\/index.php\/wp-json\/wp\/v2\/tags?post=23968"}],"curies":[{"name":"wp","href":"https:\/\/api.w.org\/{rel}","templated":true}]}}