{"id":23965,"date":"2019-12-04T16:24:53","date_gmt":"2019-12-04T19:24:53","guid":{"rendered":"https:\/\/www.paranapraia.com.br\/?p=23965"},"modified":"2019-12-04T16:24:54","modified_gmt":"2019-12-04T19:24:54","slug":"tremor-de-terra-atinge-cidades-do-norte-do-parana","status":"publish","type":"post","link":"https:\/\/www.paranapraia.com.br\/index.php\/2019\/12\/04\/tremor-de-terra-atinge-cidades-do-norte-do-parana\/","title":{"rendered":"Tremor de terra atinge cidades do Norte do Paran\u00e1"},"content":{"rendered":"\n<p>Um tremor de terra assustou os moradores de S\u00e3o Sebasti\u00e3o da Amoreira, Assa\u00ed, Santa Cec\u00edlia do Pav\u00e3o e Nova Am\u00e9rica da Colina, a 34 quil\u00f4metros de Londrina, no Norte do Para\u00e1, na tarde desta ter\u00e7a-feira (3).&nbsp; Segundo informa\u00e7\u00f5es do do&nbsp;Centro de Sismologia da Universidade de S\u00e3o Paulo (USP), o abalo s\u00edsmico foi de 2.9 mR&nbsp;(magnitude regional) com epicentro em S\u00e3o Sebasti\u00e3o da Amoreira.&nbsp;<\/p>\n\n\n\n<p>Nas redes sociais, v\u00e1rios moradores relataram que ouviram\u00a0um barulho de explos\u00e3o antes do tremor. Segundo o Corpo de Bombeiros, ainda n\u00e3o h\u00e1 informa\u00e7\u00f5es sobre feridos e estragos.\u00a0<\/p>\n\n\n\n<p>Bem Paran\u00e1<br><\/p>\n","protected":false},"excerpt":{"rendered":"<p>Um tremor de terra assustou os moradores de S\u00e3o Sebasti\u00e3o da Amoreira, Assa\u00ed, Santa Cec\u00edlia do Pav\u00e3o e Nova Am\u00e9rica da Colina, a 34 quil\u00f4metros de Londrina, no Norte do Para\u00e1, na tarde desta ter\u00e7a-feira (3).&nbsp; Segundo informa\u00e7\u00f5es do do&nbsp;Centro de Sismologia da Universidade de S\u00e3o Paulo (USP), o abalo s\u00edsmico foi de 2.9 mR&nbsp;(magnitude [&hellip;]<\/p>\n","protected":false},"author":2,"featured_media":23966,"comment_status":"open","ping_status":"open","sticky":false,"template":"","format":"standard","meta":{"advanced_seo_description":"","jetpack_seo_html_title":"","jetpack_seo_noindex":false,"_jetpack_memberships_contains_paid_content":false,"footnotes":""},"categories":[42],"tags":[],"class_list":{"0":"post-23965","1":"post","2":"type-post","3":"status-publish","4":"format-standard","5":"has-post-thumbnail","7":"category-cidades"},"jetpack_featured_media_url":"https:\/\/www.paranapraia.com.br\/wp-content\/uploads\/2019\/12\/cid.jpg","jetpack_sharing_enabled":true,"_links":{"self":[{"href":"https:\/\/www.paranapraia.com.br\/index.php\/wp-json\/wp\/v2\/posts\/23965"}],"collection":[{"href":"https:\/\/www.paranapraia.com.br\/index.php\/wp-json\/wp\/v2\/posts"}],"about":[{"href":"https:\/\/www.paranapraia.com.br\/index.php\/wp-json\/wp\/v2\/types\/post"}],"author":[{"embeddable":true,"href":"https:\/\/www.paranapraia.com.br\/index.php\/wp-json\/wp\/v2\/users\/2"}],"replies":[{"embeddable":true,"href":"https:\/\/www.paranapraia.com.br\/index.php\/wp-json\/wp\/v2\/comments?post=23965"}],"version-history":[{"count":1,"href":"https:\/\/www.paranapraia.com.br\/index.php\/wp-json\/wp\/v2\/posts\/23965\/revisions"}],"predecessor-version":[{"id":23967,"href":"https:\/\/www.paranapraia.com.br\/index.php\/wp-json\/wp\/v2\/posts\/23965\/revisions\/23967"}],"wp:featuredmedia":[{"embeddable":true,"href":"https:\/\/www.paranapraia.com.br\/index.php\/wp-json\/wp\/v2\/media\/23966"}],"wp:attachment":[{"href":"https:\/\/www.paranapraia.com.br\/index.php\/wp-json\/wp\/v2\/media?parent=23965"}],"wp:term":[{"taxonomy":"category","embeddable":true,"href":"https:\/\/www.paranapraia.com.br\/index.php\/wp-json\/wp\/v2\/categories?post=23965"},{"taxonomy":"post_tag","embeddable":true,"href":"https:\/\/www.paranapraia.com.br\/index.php\/wp-json\/wp\/v2\/tags?post=23965"}],"curies":[{"name":"wp","href":"https:\/\/api.w.org\/{rel}","templated":true}]}}