{"id":23962,"date":"2019-12-04T16:22:25","date_gmt":"2019-12-04T19:22:25","guid":{"rendered":"https:\/\/www.paranapraia.com.br\/?p=23962"},"modified":"2019-12-04T16:22:26","modified_gmt":"2019-12-04T19:22:26","slug":"melhor-prefeito-do-brasil-e-flagrado-na-fila-do-sus-junto-com-o-povao","status":"publish","type":"post","link":"https:\/\/www.paranapraia.com.br\/index.php\/2019\/12\/04\/melhor-prefeito-do-brasil-e-flagrado-na-fila-do-sus-junto-com-o-povao\/","title":{"rendered":"Melhor prefeito do Brasil \u00e9 flagrado na fila do SUS junto com o \u2018pov\u00e3o\u2019"},"content":{"rendered":"\n<p>S\u00e9rgio Meneguelli \u00e9 o pol\u00edtico que almo\u00e7a marmitex junto com os funcion\u00e1rios do baixo escal\u00e3o da prefeitura \u2026 que transfere dinheiro do carnaval para escolas p\u00fablicas \u2026 que trabalha como \u2018jardineiro\u2019 e pinta pontes aos fins de semana \u2026 que usa uma bicicleta como meio de transporte \u2026 enfim, \u00e9 o \u2018pol\u00edtico dos sonhos\u2019 do povo brasileiro.<\/p>\n\n\n\n<p>Nas \u00faltimas semanas, Meneguelli foi flagrado (por um morador) na fila de um posto de sa\u00fade municipal \u2026&nbsp;<strong>SIM!&nbsp;<\/strong>\u2026 o prefeito de Colatina \u00e9 usu\u00e1rio do Sistema \u00danico de Sa\u00fade (SUS).<ins><\/ins><\/p>\n\n\n\n<p>No v\u00eddeo (abaixo), o prefeito declara que \u00e9 um cidad\u00e3o comum e estava esperando o exame a mais de um m\u00eas, coisa rara entre os pol\u00edticos brasileiros, que legislam para o povo, mas para si, fazem leis de exce\u00e7\u00e3o.<\/p>\n\n\n\n<figure class=\"wp-block-embed-youtube wp-block-embed is-type-video is-provider-youtube wp-embed-aspect-16-9 wp-has-aspect-ratio\"><div class=\"wp-block-embed__wrapper\">\n<div class=\"youtube-embed\" data-video_id=\"QigJcB_3Clc\"><iframe loading=\"lazy\" title=\"Prefeito cidad\u00e3o \u00e9 flagrado em fila de posto de sa\u00fade\" width=\"696\" height=\"392\" src=\"https:\/\/www.youtube.com\/embed\/QigJcB_3Clc?feature=oembed&#038;enablejsapi=1&#038;enablejsapi=1\" frameborder=\"0\" allow=\"accelerometer; autoplay; encrypted-media; gyroscope; picture-in-picture\" allowfullscreen><\/iframe><\/div>\n<\/div><\/figure>\n\n\n\n<p>No \u00faltimo ano, S\u00e9rgio foi convidado para palestrar na Universidade americana de Harvard e pasmem, ele pagou a passagem e a hospedagem do pr\u00f3prio bolso \u2026 tudo parcelado no cart\u00e3o de cr\u00e9dito.<\/p>\n\n\n\n<p>Esse prefeito \u00e9 um exemplo que deveria ser seguido por todos os pol\u00edticos brasileiros.<br><\/p>\n\n\n\n<p>Di\u00e1rio do Brasil<\/p>\n","protected":false},"excerpt":{"rendered":"<p>S\u00e9rgio Meneguelli \u00e9 o pol\u00edtico que almo\u00e7a marmitex junto com os funcion\u00e1rios do baixo escal\u00e3o da prefeitura \u2026 que transfere dinheiro do carnaval para escolas p\u00fablicas \u2026 que trabalha como \u2018jardineiro\u2019 e pinta pontes aos fins de semana \u2026 que usa uma bicicleta como meio de transporte \u2026 enfim, \u00e9 o \u2018pol\u00edtico dos sonhos\u2019 do [&hellip;]<\/p>\n","protected":false},"author":2,"featured_media":23963,"comment_status":"open","ping_status":"open","sticky":false,"template":"","format":"standard","meta":{"advanced_seo_description":"","jetpack_seo_html_title":"","jetpack_seo_noindex":false,"_jetpack_memberships_contains_paid_content":false,"footnotes":""},"categories":[32],"tags":[],"class_list":{"0":"post-23962","1":"post","2":"type-post","3":"status-publish","4":"format-standard","5":"has-post-thumbnail","7":"category-politica"},"jetpack_featured_media_url":"https:\/\/www.paranapraia.com.br\/wp-content\/uploads\/2019\/12\/colatia.jpg","jetpack_sharing_enabled":true,"_links":{"self":[{"href":"https:\/\/www.paranapraia.com.br\/index.php\/wp-json\/wp\/v2\/posts\/23962"}],"collection":[{"href":"https:\/\/www.paranapraia.com.br\/index.php\/wp-json\/wp\/v2\/posts"}],"about":[{"href":"https:\/\/www.paranapraia.com.br\/index.php\/wp-json\/wp\/v2\/types\/post"}],"author":[{"embeddable":true,"href":"https:\/\/www.paranapraia.com.br\/index.php\/wp-json\/wp\/v2\/users\/2"}],"replies":[{"embeddable":true,"href":"https:\/\/www.paranapraia.com.br\/index.php\/wp-json\/wp\/v2\/comments?post=23962"}],"version-history":[{"count":1,"href":"https:\/\/www.paranapraia.com.br\/index.php\/wp-json\/wp\/v2\/posts\/23962\/revisions"}],"predecessor-version":[{"id":23964,"href":"https:\/\/www.paranapraia.com.br\/index.php\/wp-json\/wp\/v2\/posts\/23962\/revisions\/23964"}],"wp:featuredmedia":[{"embeddable":true,"href":"https:\/\/www.paranapraia.com.br\/index.php\/wp-json\/wp\/v2\/media\/23963"}],"wp:attachment":[{"href":"https:\/\/www.paranapraia.com.br\/index.php\/wp-json\/wp\/v2\/media?parent=23962"}],"wp:term":[{"taxonomy":"category","embeddable":true,"href":"https:\/\/www.paranapraia.com.br\/index.php\/wp-json\/wp\/v2\/categories?post=23962"},{"taxonomy":"post_tag","embeddable":true,"href":"https:\/\/www.paranapraia.com.br\/index.php\/wp-json\/wp\/v2\/tags?post=23962"}],"curies":[{"name":"wp","href":"https:\/\/api.w.org\/{rel}","templated":true}]}}