{"id":23949,"date":"2019-12-04T15:35:10","date_gmt":"2019-12-04T18:35:10","guid":{"rendered":"https:\/\/www.paranapraia.com.br\/?p=23949"},"modified":"2019-12-04T15:35:13","modified_gmt":"2019-12-04T18:35:13","slug":"idoso-e-preso-por-chamar-professora-de-macaca","status":"publish","type":"post","link":"https:\/\/www.paranapraia.com.br\/index.php\/2019\/12\/04\/idoso-e-preso-por-chamar-professora-de-macaca\/","title":{"rendered":"Idoso \u00e9 preso por chamar professora de \u2018macaca\u2019"},"content":{"rendered":"\n<h4 class=\"wp-block-heading\">Crime de inj\u00faria racial aconteceu dentro de \u00f4nibus que seguia de Santos Dumont para Juiz de Fora; suspeito nega, mas est\u00e1 no pres\u00eddio<br><\/h4>\n\n\n\n<p>Um homem de 81 anos foi preso em flagrante pelo crime de inj\u00faria racial ap\u00f3s supostamente chamar uma professora, 41, de \u201cmacaca\u201d ao embarcar no mesmo \u00f4nibus em Santos Dumont, da linha Barbacena\/Juiz de Fora. O caso aconteceu na manh\u00e3 de segunda-feira (2) e resultou na pris\u00e3o do suspeito, porque a v\u00edtima n\u00e3o deixou que ele escapasse. \u201cEle entrou, olhou para mim e disse: A macaca j\u00e1 est\u00e1 sentada. Eu perguntei: Voc\u00ea est\u00e1 me chamando de macaca? Quando eu disse que ele n\u00e3o poderia falar isso, porque era falta de respeito e at\u00e9 crime, ainda quis me intimidar dizendo que era policial aposentado e que n\u00e3o tinha medo de pol\u00edcia, mas n\u00e3o \u00e9\u201d, contou Delydia Cristina Cosme Silva.<\/p>\n\n\n\n<p>Segundo ela, a ofensa foi totalmente gratuita e n\u00e3o teria rela\u00e7\u00e3o com assentos, j\u00e1 que havia um lugar vago logo do outro lado do corredor.<\/p>\n\n\n\n<h2 class=\"wp-block-heading\">\u201cEu continuei dizendo que n\u00e3o era pessoa leiga, que tenho duas forma\u00e7\u00f5es superiores e que a lei foi feita para ser cumprida, por isso estava acionando a PM. Quando viu que eu estava mesmo ligando para a pol\u00edcia, ele desceu do \u00f4nibus, e eu desembarquei atr\u00e1s, porque sen\u00e3o iria descaracterizar o flagrante.\u201d<\/h2>\n\n\n\n<p>Mesmo tr\u00eamula, a v\u00edtima n\u00e3o pensou duas vezes e continuou em contato com a PM para dar sua localiza\u00e7\u00e3o. Nesse \u00ednterim, o idoso entrou em uma lot\u00e9rica e depois tentou embarcar em um coletivo urbano, mas teria sido impedido por alunos que a professora do ensino fundamental encontrou naquela \u00e1rea do Bairro S\u00e3o Sebasti\u00e3o, ainda em Santos Dumont.<\/p>\n\n\n\n<p>Posteriormente, entretanto, o suspeito conseguiu entrar em outro \u00f4nibus intermunicipal que seguia para Juiz de Fora. A v\u00edtima que \u00e9 tamb\u00e9m coordenadora pedag\u00f3gica foi atr\u00e1s. \u201cEle passou na roleta, e eu fiquei paralisada ali. Enquanto isso, a PM disse (ao telefone) que havia chegado ao local, mas que eu n\u00e3o estava.\u201d Nesse momento, a v\u00edtima contou com ajuda dos funcion\u00e1rios da empresa e dos passageiros, que se solidarizaram com a causa e tamb\u00e9m se indignaram. O coletivo interrompeu a viagem na altura de Ewbank da C\u00e2mara, e o idoso acabou preso em flagrante com a chegada dos policiais.O conte\u00fado continua ap\u00f3s o an\u00fancio<\/p>\n\n\n\n<p>\u201cQuando o motorista explicou que havia solicita\u00e7\u00e3o da PM por crime de inj\u00faria racial e que ningu\u00e9m poderia descer at\u00e9 a pol\u00edcia chegar, todo mundo se manifestou para agir como testemunha. Ele ficou na porta, querendo sair, mas n\u00e3o deixaram. Ainda perguntou: Por que o \u00f4nibus est\u00e1 parado? S\u00f3 por causa de uma bobeira dessa? Eu assumo que a chamei de macaca.\u201d Segundo a v\u00edtima, a afirma\u00e7\u00e3o dele causou mais revolta. \u201cS\u00f3 respeitaram e n\u00e3o fizeram nada porque ele \u00e9 idoso.\u201d<\/p>\n\n\n\n<p>J\u00e1 diante da PM o suspeito negou qualquer crime. Ele afirmou ter o costume de brincar com as pessoas e disse n\u00e3o ter chamado Delydia de macaca. O homem recebeu voz de pris\u00e3o e foi levado para a delegacia de Santos Dumont. De acordo com a delegada respons\u00e1vel, K\u00eania Oliveira, ele foi autuado em flagrante delito pelo crime de inj\u00faria racial e encaminhado ao pres\u00eddio na mesma cidade. \u201cEle negou os fatos. Disse que n\u00e3o dirigiu a palavra \u00e0 v\u00edtima. E sim que brincou com o cobrador o chamando de careca.\u201d Ainda conforme a delegada, o homem j\u00e1 respondeu a inqu\u00e9rito tamb\u00e9m por inj\u00faria racial no ano de 2017 em Barbacena.<\/p>\n\n\n\n<p><strong>Refer\u00eancias<\/strong><br>Por coincid\u00eancia, Delydia viajava para Juiz de Fora para participar de palestras em escolas sobre viol\u00eancia dom\u00e9stica e pedofilia. Ela j\u00e1 pretendia tratar da quest\u00e3o racial em sua fala. Estava inspirada nas declara\u00e7\u00f5es da atriz Cacau Prot\u00e1sio, que desabafou no \u00faltimo domingo no programa Fant\u00e1stico da TV Globo sobre os insultos que recebeu depois de gravar cenas do filme \u201cJuntos e Enrolados\u201d, em um quartel do Corpo de Bombeiros do Rio de Janeiro. O \u00e1udio estava circulando nas redes sociais e foi atribu\u00eddo a um bombeiro. Al\u00e9m de racismo, o conte\u00fado tinha ataques gordof\u00f3bicos e homof\u00f3bicos.<\/p>\n\n\n\n<p>Mesmo tendo sofrido quando crian\u00e7a na escola, Delydia sempre buscou inspira\u00e7\u00e3o em sua pr\u00f3pria fam\u00edlia, de m\u00e3e professora e pai funcion\u00e1rio de multinacional, e tamb\u00e9m em \u00edcones nacionais e internacionais, como Gl\u00f3ria Maria, Grande Otelo, Nelson Mandela, Martin Luther King, al\u00e9m de sambistas famosos, como Jamel\u00e3o. \u201cAdmiro muito a Luislinda de Valois Santos, primeira desembargadora negra do Brasil.\u201d<\/p>\n\n\n\n<p>Quando olha para tr\u00e1s, a professora tenta mudar o presente e o futuro. \u201cSofri muito quando estava na primeira s\u00e9rie. Disseram que eu era preta que nem asfalto e que se fossem assim tamb\u00e9m j\u00e1 teriam pulado da janela. Foi horr\u00edvel, mas fez toda diferen\u00e7a. Minha m\u00e3e me levou em reuni\u00f5es de grupos de negros e me ensinou valores. N\u00e3o d\u00e1 para ignorar ser chamada de macaca e n\u00e3o lembrar do Apartheid, deixar passar por isso mesmo. Pelos meus alunos e pelo direito \u00e0 diversidade. N\u00e3o d\u00e1 para falar que o Brasil n\u00e3o foi escravizado, ignorar a hist\u00f3ria e nossa cultura. Minha fam\u00edlia vem de um quilombo remanescente. Eu falo sempre para as pessoas e principalmente a meus alunos que n\u00f3s que somos negros somos lindos. O negro \u00e9 lindo!\u201d<\/p>\n\n\n\n<p>Tribuna de Minas<br><\/p>\n","protected":false},"excerpt":{"rendered":"<p>Crime de inj\u00faria racial aconteceu dentro de \u00f4nibus que seguia de Santos Dumont para Juiz de Fora; suspeito nega, mas est\u00e1 no pres\u00eddio Um homem de 81 anos foi preso em flagrante pelo crime de inj\u00faria racial ap\u00f3s supostamente chamar uma professora, 41, de \u201cmacaca\u201d ao embarcar no mesmo \u00f4nibus em Santos Dumont, da linha [&hellip;]<\/p>\n","protected":false},"author":2,"featured_media":23950,"comment_status":"open","ping_status":"open","sticky":false,"template":"","format":"standard","meta":{"advanced_seo_description":"","jetpack_seo_html_title":"","jetpack_seo_noindex":false,"_jetpack_memberships_contains_paid_content":false,"footnotes":""},"categories":[40],"tags":[],"class_list":{"0":"post-23949","1":"post","2":"type-post","3":"status-publish","4":"format-standard","5":"has-post-thumbnail","7":"category-destaques"},"jetpack_featured_media_url":"https:\/\/www.paranapraia.com.br\/wp-content\/uploads\/2019\/12\/profe.jpg","jetpack_sharing_enabled":true,"_links":{"self":[{"href":"https:\/\/www.paranapraia.com.br\/index.php\/wp-json\/wp\/v2\/posts\/23949"}],"collection":[{"href":"https:\/\/www.paranapraia.com.br\/index.php\/wp-json\/wp\/v2\/posts"}],"about":[{"href":"https:\/\/www.paranapraia.com.br\/index.php\/wp-json\/wp\/v2\/types\/post"}],"author":[{"embeddable":true,"href":"https:\/\/www.paranapraia.com.br\/index.php\/wp-json\/wp\/v2\/users\/2"}],"replies":[{"embeddable":true,"href":"https:\/\/www.paranapraia.com.br\/index.php\/wp-json\/wp\/v2\/comments?post=23949"}],"version-history":[{"count":1,"href":"https:\/\/www.paranapraia.com.br\/index.php\/wp-json\/wp\/v2\/posts\/23949\/revisions"}],"predecessor-version":[{"id":23951,"href":"https:\/\/www.paranapraia.com.br\/index.php\/wp-json\/wp\/v2\/posts\/23949\/revisions\/23951"}],"wp:featuredmedia":[{"embeddable":true,"href":"https:\/\/www.paranapraia.com.br\/index.php\/wp-json\/wp\/v2\/media\/23950"}],"wp:attachment":[{"href":"https:\/\/www.paranapraia.com.br\/index.php\/wp-json\/wp\/v2\/media?parent=23949"}],"wp:term":[{"taxonomy":"category","embeddable":true,"href":"https:\/\/www.paranapraia.com.br\/index.php\/wp-json\/wp\/v2\/categories?post=23949"},{"taxonomy":"post_tag","embeddable":true,"href":"https:\/\/www.paranapraia.com.br\/index.php\/wp-json\/wp\/v2\/tags?post=23949"}],"curies":[{"name":"wp","href":"https:\/\/api.w.org\/{rel}","templated":true}]}}