{"id":23801,"date":"2019-11-30T13:35:03","date_gmt":"2019-11-30T16:35:03","guid":{"rendered":"https:\/\/www.paranapraia.com.br\/?p=23801"},"modified":"2019-11-30T13:35:04","modified_gmt":"2019-11-30T16:35:04","slug":"motociclista-sem-habilitacao-fica-gravemente-ferido-em-acidente-na-pr-446-diz-pre","status":"publish","type":"post","link":"https:\/\/www.paranapraia.com.br\/index.php\/2019\/11\/30\/motociclista-sem-habilitacao-fica-gravemente-ferido-em-acidente-na-pr-446-diz-pre\/","title":{"rendered":"Motociclista sem habilita\u00e7\u00e3o fica gravemente ferido em acidente na PR-446, diz PRE"},"content":{"rendered":"\n<h4 class=\"wp-block-heading\">Moto e furg\u00e3o bateram de frente na noite desta sexta-feira (29), em Bituruna, no sul do Paran\u00e1.<\/h4>\n\n\n\n<p>Um motociclista ficou gravemente ferido em uma batida entre uma moto e um furg\u00e3o na noite desta sexta-feira (29), na PR-446, em Bituruna, no sul do Paran\u00e1. De acordo com a Pol\u00edcia Rodovi\u00e1ria Estadual (PRE), o homem n\u00e3o \u00e9 habilitado.<\/p>\n\n\n\n<p>O acidente foi registrado no km 25, pr\u00f3ximo da comunidade Santo Ant\u00f4nio do Iratim. Segundo a pol\u00edcia, a batida aconteceu em uma curva de pista simples.<\/p>\n\n\n\n<p>A PRE informou que o motorista do furg\u00e3o teve ferimentos leves. Ele e o motociclista foram socorridos por uma ambul\u00e2ncia da cidade e levados para o hospital.<\/p>\n\n\n\n<p>A motocicleta foi recolhida para o p\u00e1tio da PRE em Uni\u00e3o da Vit\u00f3ria, tamb\u00e9m no sul do estado.<\/p>\n\n\n\n<figure class=\"wp-block-image\"><img decoding=\"async\" src=\"https:\/\/s2.glbimg.com\/eefwy0WdYP9DWGkKyK-SrTpeBkw=\/0x0:1280x716\/984x0\/smart\/filters:strip_icc()\/i.s3.glbimg.com\/v1\/AUTH_59edd422c0c84a879bd37670ae4f538a\/internal_photos\/bs\/2019\/t\/5\/lOABeQStKBEwIgQnK5Qg\/whatsapp-image-2019-11-30-at-11.58.03-1-.jpeg\" alt=\"Batida entre furg\u00e3o e moto foi registrada em curva \u2014 Foto: PRE\/Divulga\u00e7\u00e3o\"\/><\/figure>\n\n\n\n<p>Batida entre furg\u00e3o e moto foi registrada em curva \u2014 Foto: PRE\/Divulga\u00e7\u00e3o<\/p>\n\n\n\n<p>G1PR<br><\/p>\n","protected":false},"excerpt":{"rendered":"<p>Moto e furg\u00e3o bateram de frente na noite desta sexta-feira (29), em Bituruna, no sul do Paran\u00e1. Um motociclista ficou gravemente ferido em uma batida entre uma moto e um furg\u00e3o na noite desta sexta-feira (29), na PR-446, em Bituruna, no sul do Paran\u00e1. De acordo com a Pol\u00edcia Rodovi\u00e1ria Estadual (PRE), o homem n\u00e3o [&hellip;]<\/p>\n","protected":false},"author":2,"featured_media":23803,"comment_status":"open","ping_status":"open","sticky":false,"template":"","format":"standard","meta":{"advanced_seo_description":"","jetpack_seo_html_title":"","jetpack_seo_noindex":false,"_jetpack_memberships_contains_paid_content":false,"footnotes":""},"categories":[52],"tags":[],"class_list":{"0":"post-23801","1":"post","2":"type-post","3":"status-publish","4":"format-standard","5":"has-post-thumbnail","7":"category-acidentes"},"jetpack_featured_media_url":"https:\/\/www.paranapraia.com.br\/wp-content\/uploads\/2019\/11\/motoo.jpeg","jetpack_sharing_enabled":true,"_links":{"self":[{"href":"https:\/\/www.paranapraia.com.br\/index.php\/wp-json\/wp\/v2\/posts\/23801"}],"collection":[{"href":"https:\/\/www.paranapraia.com.br\/index.php\/wp-json\/wp\/v2\/posts"}],"about":[{"href":"https:\/\/www.paranapraia.com.br\/index.php\/wp-json\/wp\/v2\/types\/post"}],"author":[{"embeddable":true,"href":"https:\/\/www.paranapraia.com.br\/index.php\/wp-json\/wp\/v2\/users\/2"}],"replies":[{"embeddable":true,"href":"https:\/\/www.paranapraia.com.br\/index.php\/wp-json\/wp\/v2\/comments?post=23801"}],"version-history":[{"count":1,"href":"https:\/\/www.paranapraia.com.br\/index.php\/wp-json\/wp\/v2\/posts\/23801\/revisions"}],"predecessor-version":[{"id":23804,"href":"https:\/\/www.paranapraia.com.br\/index.php\/wp-json\/wp\/v2\/posts\/23801\/revisions\/23804"}],"wp:featuredmedia":[{"embeddable":true,"href":"https:\/\/www.paranapraia.com.br\/index.php\/wp-json\/wp\/v2\/media\/23803"}],"wp:attachment":[{"href":"https:\/\/www.paranapraia.com.br\/index.php\/wp-json\/wp\/v2\/media?parent=23801"}],"wp:term":[{"taxonomy":"category","embeddable":true,"href":"https:\/\/www.paranapraia.com.br\/index.php\/wp-json\/wp\/v2\/categories?post=23801"},{"taxonomy":"post_tag","embeddable":true,"href":"https:\/\/www.paranapraia.com.br\/index.php\/wp-json\/wp\/v2\/tags?post=23801"}],"curies":[{"name":"wp","href":"https:\/\/api.w.org\/{rel}","templated":true}]}}