{"id":23792,"date":"2019-11-30T13:27:13","date_gmt":"2019-11-30T16:27:13","guid":{"rendered":"https:\/\/www.paranapraia.com.br\/?p=23792"},"modified":"2019-11-30T13:27:16","modified_gmt":"2019-11-30T16:27:16","slug":"mulher-passa-mal-bate-contra-carro-e-morre-dentro-da-ambulancia-no-centro-civico","status":"publish","type":"post","link":"https:\/\/www.paranapraia.com.br\/index.php\/2019\/11\/30\/mulher-passa-mal-bate-contra-carro-e-morre-dentro-da-ambulancia-no-centro-civico\/","title":{"rendered":"Mulher passa mal, bate contra carro e morre dentro da ambul\u00e2ncia no Centro C\u00edvico"},"content":{"rendered":"\n<h4 class=\"wp-block-heading\">As tentativas de reanima\u00e7\u00e3o dos socorristas n\u00e3o tiveram sucesso<\/h4>\n\n\n\n<p>Uma mulher, de aproximadamente 60 anos, morreu ap\u00f3s sofrer um mal s\u00fabito no meio do tr\u00e2nsito, em Curitiba, no come\u00e7o da noite desta sexta-feira (29). Ela conduzia um Fiat Palio cinza quando perdeu os sentidos e desmaiou, na rotat\u00f3ria da rua Marechal Hermes, no Centro C\u00edvico.<\/p>\n\n\n\n<p>No momento do desmaio, o carro acabou colidindo contra outro ve\u00edculo. O motorista do carro atingido, em torno dos 25 anos, tirou a mulher do Fiat Palio e tentou realizar manobras de reanima\u00e7\u00e3o card\u00edaca at\u00e9 a chegada de uma ambul\u00e2ncia de suporte avan\u00e7ado do Samu.<\/p>\n\n\n\n<p>Os socorristas continuaram com as manobras, mas infelizmente as tentativas de reanima\u00e7\u00e3o n\u00e3o tiveram sucesso.<\/p>\n\n\n\n<p>A v\u00edtima foi conduzida ao necrot\u00e9rio de um hospital em Curitiba. O batalh\u00e3o de Pol\u00edcia de Tr\u00e2nsito foi at\u00e9 o local para atender o acidente e retirar o ve\u00edculo da via.<\/p>\n\n\n\n<p>BandaB<br><\/p>\n\n\n\n<p><br><\/p>\n","protected":false},"excerpt":{"rendered":"<p>As tentativas de reanima\u00e7\u00e3o dos socorristas n\u00e3o tiveram sucesso Uma mulher, de aproximadamente 60 anos, morreu ap\u00f3s sofrer um mal s\u00fabito no meio do tr\u00e2nsito, em Curitiba, no come\u00e7o da noite desta sexta-feira (29). Ela conduzia um Fiat Palio cinza quando perdeu os sentidos e desmaiou, na rotat\u00f3ria da rua Marechal Hermes, no Centro C\u00edvico. [&hellip;]<\/p>\n","protected":false},"author":2,"featured_media":23793,"comment_status":"open","ping_status":"open","sticky":false,"template":"","format":"standard","meta":{"advanced_seo_description":"","jetpack_seo_html_title":"","jetpack_seo_noindex":false,"_jetpack_memberships_contains_paid_content":false,"footnotes":""},"categories":[33],"tags":[],"class_list":{"0":"post-23792","1":"post","2":"type-post","3":"status-publish","4":"format-standard","5":"has-post-thumbnail","7":"category-policia"},"jetpack_featured_media_url":"https:\/\/www.paranapraia.com.br\/wp-content\/uploads\/2019\/11\/ambul.jpeg","jetpack_sharing_enabled":true,"_links":{"self":[{"href":"https:\/\/www.paranapraia.com.br\/index.php\/wp-json\/wp\/v2\/posts\/23792"}],"collection":[{"href":"https:\/\/www.paranapraia.com.br\/index.php\/wp-json\/wp\/v2\/posts"}],"about":[{"href":"https:\/\/www.paranapraia.com.br\/index.php\/wp-json\/wp\/v2\/types\/post"}],"author":[{"embeddable":true,"href":"https:\/\/www.paranapraia.com.br\/index.php\/wp-json\/wp\/v2\/users\/2"}],"replies":[{"embeddable":true,"href":"https:\/\/www.paranapraia.com.br\/index.php\/wp-json\/wp\/v2\/comments?post=23792"}],"version-history":[{"count":1,"href":"https:\/\/www.paranapraia.com.br\/index.php\/wp-json\/wp\/v2\/posts\/23792\/revisions"}],"predecessor-version":[{"id":23794,"href":"https:\/\/www.paranapraia.com.br\/index.php\/wp-json\/wp\/v2\/posts\/23792\/revisions\/23794"}],"wp:featuredmedia":[{"embeddable":true,"href":"https:\/\/www.paranapraia.com.br\/index.php\/wp-json\/wp\/v2\/media\/23793"}],"wp:attachment":[{"href":"https:\/\/www.paranapraia.com.br\/index.php\/wp-json\/wp\/v2\/media?parent=23792"}],"wp:term":[{"taxonomy":"category","embeddable":true,"href":"https:\/\/www.paranapraia.com.br\/index.php\/wp-json\/wp\/v2\/categories?post=23792"},{"taxonomy":"post_tag","embeddable":true,"href":"https:\/\/www.paranapraia.com.br\/index.php\/wp-json\/wp\/v2\/tags?post=23792"}],"curies":[{"name":"wp","href":"https:\/\/api.w.org\/{rel}","templated":true}]}}