{"id":23786,"date":"2019-11-30T13:21:07","date_gmt":"2019-11-30T16:21:07","guid":{"rendered":"https:\/\/www.paranapraia.com.br\/?p=23786"},"modified":"2019-11-30T13:21:08","modified_gmt":"2019-11-30T16:21:08","slug":"alunos-de-escola-de-curitiba-desenvolvem-cobertor-impermeavel-para-aquecer-moradores-de-rua","status":"publish","type":"post","link":"https:\/\/www.paranapraia.com.br\/index.php\/2019\/11\/30\/alunos-de-escola-de-curitiba-desenvolvem-cobertor-impermeavel-para-aquecer-moradores-de-rua\/","title":{"rendered":"Alunos de escola de Curitiba desenvolvem cobertor imperme\u00e1vel para aquecer moradores de rua"},"content":{"rendered":"\n<p>Incentivados pela escola em que estudam, o Col\u00e9gio Marista Paranaense, a participarem do programa Miniempresa, da Organiza\u00e7\u00e3o social Junior Achievement, que visa promover entre os jovens uma mentalidade empreendedora, 34 alunos do segundo ano do ensino m\u00e9dio resolveram criar uma miniempresa solid\u00e1ria, a Aquece.<\/p>\n\n\n\n<p>Os alunos, atrav\u00e9s da miniempresa, desenvolveram uma manta t\u00e9rmica e imperme\u00e1vel. O produto \u00e9 vendido virtualmente ao p\u00fablico (que atua, na realidade, como financiador solid\u00e1rio do projeto) e entregue aos moradores de rua de Curitiba, uma das cidades mais frias do pa\u00eds.<\/p>\n\n\n\n<p>Os compradores podem acompanhar, por meio de um n\u00famero de s\u00e9rie que acompanha cada cobertor,se o produto j\u00e1 foi repassado aos moradores de rua e, se n\u00e3o, em que fase de produ\u00e7\u00e3o o cobertor est\u00e1. \u201cQuem compra nosso cobertor pode acompanhar pelo site se ele j\u00e1 est\u00e1 pronto, se j\u00e1 foi entregue e por qual organiza\u00e7\u00e3o. Assim, a pessoa tem certeza que seu dinheiro foi usado corretamente\u201d, explicou Gabriel Augusto M\u00fcler Julio, diretor de marketing da Aquece, em entrevista ao site Raz\u00f5es Para Acreditar.<br><\/p>\n\n\n\n<p>A estudante L\u00edvia Tarasiuk, idealizadora da manta t\u00e9rmica e imperme\u00e1vel, conta que v\u00ea na miniempresa uma oportunidade de fazer novas amizades e ouvir hist\u00f3rias de vida de pessoas com realidades diferentes da sua, indo al\u00e9m da experi\u00eancia de empreender.<\/p>\n\n\n\n<p>L\u00edvia Tarasiuk, que idealizadora da manta t\u00e9rmica, acredita que o projeto \u201cvai muito al\u00e9m do velho e comum legal e divertido, porque n\u00e3o adquiri, somente, experi\u00eancia e conhecimento, at\u00e9 porque isso se consegue todo dia, mas o que eu adquiri tamb\u00e9m, foram as amizades e as hist\u00f3rias de vida de pessoas com realidade diferente da minha\u201d. Ao todo, at\u00e9 agora, a miniempresa produziu 188 cobertores e cerca de 150 j\u00e1 foram entregues<\/p>\n\n\n\n<figure class=\"wp-block-image\"><img decoding=\"async\" src=\"https:\/\/www.revistapazes.com\/content\/uploads\/2019\/06\/image001-545x375-300x206.jpg\" alt=\"\" class=\"wp-image-22891\"\/><\/figure>\n\n\n\n<figure class=\"wp-block-image\"><img decoding=\"async\" src=\"https:\/\/www.revistapazes.com\/content\/uploads\/2019\/06\/image003-545x545-300x300.jpg\" alt=\"\" class=\"wp-image-22892\"\/><\/figure>\n\n\n\n<figure class=\"wp-block-image\"><img decoding=\"async\" src=\"https:\/\/www.revistapazes.com\/content\/uploads\/2019\/06\/whatsapp-image-2018-09-11-at-142654-1-545x727-225x300.jpeg\" alt=\"\" class=\"wp-image-22893\"\/><\/figure>\n\n\n\n<figure class=\"wp-block-image\"><img decoding=\"async\" src=\"https:\/\/www.revistapazes.com\/content\/uploads\/2019\/06\/43103483-274974696685520-9114351348677083136-n-545x545-300x300.jpg\" alt=\"\" class=\"wp-image-22894\"\/><\/figure>\n\n\n\n<p>Revista Pazes<\/p>\n","protected":false},"excerpt":{"rendered":"<p>Incentivados pela escola em que estudam, o Col\u00e9gio Marista Paranaense, a participarem do programa Miniempresa, da Organiza\u00e7\u00e3o social Junior Achievement, que visa promover entre os jovens uma mentalidade empreendedora, 34 alunos do segundo ano do ensino m\u00e9dio resolveram criar uma miniempresa solid\u00e1ria, a Aquece. Os alunos, atrav\u00e9s da miniempresa, desenvolveram uma manta t\u00e9rmica e imperme\u00e1vel. [&hellip;]<\/p>\n","protected":false},"author":2,"featured_media":23787,"comment_status":"open","ping_status":"open","sticky":false,"template":"","format":"standard","meta":{"advanced_seo_description":"","jetpack_seo_html_title":"","jetpack_seo_noindex":false,"_jetpack_memberships_contains_paid_content":false,"footnotes":""},"categories":[40],"tags":[],"class_list":{"0":"post-23786","1":"post","2":"type-post","3":"status-publish","4":"format-standard","5":"has-post-thumbnail","7":"category-destaques"},"jetpack_featured_media_url":"https:\/\/www.paranapraia.com.br\/wp-content\/uploads\/2019\/11\/cobertor-696x396.jpg","jetpack_sharing_enabled":true,"_links":{"self":[{"href":"https:\/\/www.paranapraia.com.br\/index.php\/wp-json\/wp\/v2\/posts\/23786"}],"collection":[{"href":"https:\/\/www.paranapraia.com.br\/index.php\/wp-json\/wp\/v2\/posts"}],"about":[{"href":"https:\/\/www.paranapraia.com.br\/index.php\/wp-json\/wp\/v2\/types\/post"}],"author":[{"embeddable":true,"href":"https:\/\/www.paranapraia.com.br\/index.php\/wp-json\/wp\/v2\/users\/2"}],"replies":[{"embeddable":true,"href":"https:\/\/www.paranapraia.com.br\/index.php\/wp-json\/wp\/v2\/comments?post=23786"}],"version-history":[{"count":1,"href":"https:\/\/www.paranapraia.com.br\/index.php\/wp-json\/wp\/v2\/posts\/23786\/revisions"}],"predecessor-version":[{"id":23788,"href":"https:\/\/www.paranapraia.com.br\/index.php\/wp-json\/wp\/v2\/posts\/23786\/revisions\/23788"}],"wp:featuredmedia":[{"embeddable":true,"href":"https:\/\/www.paranapraia.com.br\/index.php\/wp-json\/wp\/v2\/media\/23787"}],"wp:attachment":[{"href":"https:\/\/www.paranapraia.com.br\/index.php\/wp-json\/wp\/v2\/media?parent=23786"}],"wp:term":[{"taxonomy":"category","embeddable":true,"href":"https:\/\/www.paranapraia.com.br\/index.php\/wp-json\/wp\/v2\/categories?post=23786"},{"taxonomy":"post_tag","embeddable":true,"href":"https:\/\/www.paranapraia.com.br\/index.php\/wp-json\/wp\/v2\/tags?post=23786"}],"curies":[{"name":"wp","href":"https:\/\/api.w.org\/{rel}","templated":true}]}}