{"id":23783,"date":"2019-11-30T13:16:05","date_gmt":"2019-11-30T16:16:05","guid":{"rendered":"https:\/\/www.paranapraia.com.br\/?p=23783"},"modified":"2019-11-30T13:16:06","modified_gmt":"2019-11-30T16:16:06","slug":"mae-pedala-5-horas-por-dia-para-acalmar-o-filho-autista","status":"publish","type":"post","link":"https:\/\/www.paranapraia.com.br\/index.php\/2019\/11\/30\/mae-pedala-5-horas-por-dia-para-acalmar-o-filho-autista\/","title":{"rendered":"M\u00e3e pedala 5 horas por dia para acalmar o filho autista"},"content":{"rendered":"\n<p>Com o objetivo de entreter e acalmar o filho, que \u00e9 autista n\u00e3o-verbal, ela pedala todos os dias cerca de 5 horas com o garoto. Ele tem 10 anos, e acompanha a m\u00e3e no seu hobbie preferido: passear pelas ruas sentindo a brisa bater em seu rosto.<\/p>\n\n\n\n<p>Suellen Cristina Budenetz, tem 29 anos, sai de casa e pedala com o filho Gabriel. Eles voltam para casa, lancham, pegam a bike e saem de novo, para mais duas horas e meia de passeio, todos os dias.<\/p>\n\n\n\n<p>Uma rotina para essas crian\u00e7as s\u00e3o de extrema necessidade.<ins><\/ins><\/p>\n\n\n\n<p>Foi uma forma de acalmar o garoto e o deixar mais feliz, diagnosticado com um quadro de autismo severo.<\/p>\n\n\n\n<p>\u201cO brinquedo dele \u00e9 um peda\u00e7o de bicicleta velha que costuma girar os pedais e ver o movimento da roda\u201d, conta Suellen.<\/p>\n\n\n\n<figure class=\"wp-block-image\"><img decoding=\"async\" src=\"https:\/\/www.floresepoesias.com\/content\/uploads\/2019\/11\/amor-de-mae-e-tudo-essa-mae-pedala-5h-todos-os-dias-para-acalmar-o-filho-autista3.jpg\" alt=\"amor de mae e tudo essa mae pedala 5h todos os dias para acalmar o filho autista3 - M\u00e3e pedala 5 horas por dia para acalmar o filho autista\" class=\"wp-image-1577\"\/><\/figure>\n\n\n\n<p>O caminho da Suellen at\u00e9 aqui n\u00e3o foi f\u00e1cil como m\u00e3e, mas pra ela, tudo isso \u00e9 recompensador. Ela relembra que durante a gravidez, descobriu que o filho tinha hidrocefalia (dilata\u00e7\u00e3o da cabe\u00e7a nos beb\u00eas). \u201cFoi um susto atr\u00e1s do outro, n\u00e3o sabia o que isso poderia significar na vida dele\u201d, afirma ela de acordo com o site\u00a0<a href=\"https:\/\/www.asomadetodosafetos.com\/2019\/11\/amor-de-mae-e-tudo-essa-mae-pedala-5h-todos-os-dias-para-acalmar-o-filho-autista.html\">A SOMA DE TODOS OS AFETOS<\/a>.<\/p>\n\n\n\n<p>Uma m\u00e9dica havia sugerido um aborto na \u00e9poca, mas ela n\u00e3o aceitou. Gabriel ficou na UTI por tr\u00eas semanas mais 45 dias para a realiza\u00e7\u00e3o de in\u00fameros exames. \u201cEntrava na maternidade chorando, em todos os dias que fui visitar meu filho.\u201d ela afirma. Mas logo o garoto foi para casa.<\/p>\n\n\n\n<p>Pensar que o filho um dia ter\u00e1 que pedalar sozinho corta o cora\u00e7\u00e3o dessa m\u00e3e. \u201cS\u00f3 a m\u00e3e tem paci\u00eancia. Paci\u00eancia para fazer comer\u2026 Tem dias que preciso insistir para que ele coma direitinho. Fa\u00e7o isso pelo amor de m\u00e3e que sinto por ele, sou perseverante. Sei que, dificilmente, outro far\u00e1.\u201c. Essa afirma\u00e7\u00e3o me cortou o cora\u00e7\u00e3o.<\/p>\n\n\n\n<p>Flores e Poesia<ins><br> <\/ins><\/p>\n","protected":false},"excerpt":{"rendered":"<p>Com o objetivo de entreter e acalmar o filho, que \u00e9 autista n\u00e3o-verbal, ela pedala todos os dias cerca de 5 horas com o garoto. Ele tem 10 anos, e acompanha a m\u00e3e no seu hobbie preferido: passear pelas ruas sentindo a brisa bater em seu rosto. Suellen Cristina Budenetz, tem 29 anos, sai de [&hellip;]<\/p>\n","protected":false},"author":2,"featured_media":23784,"comment_status":"open","ping_status":"open","sticky":false,"template":"","format":"standard","meta":{"advanced_seo_description":"","jetpack_seo_html_title":"","jetpack_seo_noindex":false,"_jetpack_memberships_contains_paid_content":false,"footnotes":""},"categories":[50],"tags":[],"class_list":{"0":"post-23783","1":"post","2":"type-post","3":"status-publish","4":"format-standard","5":"has-post-thumbnail","7":"category-saude"},"jetpack_featured_media_url":"https:\/\/www.paranapraia.com.br\/wp-content\/uploads\/2019\/11\/autist.jpg","jetpack_sharing_enabled":true,"_links":{"self":[{"href":"https:\/\/www.paranapraia.com.br\/index.php\/wp-json\/wp\/v2\/posts\/23783"}],"collection":[{"href":"https:\/\/www.paranapraia.com.br\/index.php\/wp-json\/wp\/v2\/posts"}],"about":[{"href":"https:\/\/www.paranapraia.com.br\/index.php\/wp-json\/wp\/v2\/types\/post"}],"author":[{"embeddable":true,"href":"https:\/\/www.paranapraia.com.br\/index.php\/wp-json\/wp\/v2\/users\/2"}],"replies":[{"embeddable":true,"href":"https:\/\/www.paranapraia.com.br\/index.php\/wp-json\/wp\/v2\/comments?post=23783"}],"version-history":[{"count":1,"href":"https:\/\/www.paranapraia.com.br\/index.php\/wp-json\/wp\/v2\/posts\/23783\/revisions"}],"predecessor-version":[{"id":23785,"href":"https:\/\/www.paranapraia.com.br\/index.php\/wp-json\/wp\/v2\/posts\/23783\/revisions\/23785"}],"wp:featuredmedia":[{"embeddable":true,"href":"https:\/\/www.paranapraia.com.br\/index.php\/wp-json\/wp\/v2\/media\/23784"}],"wp:attachment":[{"href":"https:\/\/www.paranapraia.com.br\/index.php\/wp-json\/wp\/v2\/media?parent=23783"}],"wp:term":[{"taxonomy":"category","embeddable":true,"href":"https:\/\/www.paranapraia.com.br\/index.php\/wp-json\/wp\/v2\/categories?post=23783"},{"taxonomy":"post_tag","embeddable":true,"href":"https:\/\/www.paranapraia.com.br\/index.php\/wp-json\/wp\/v2\/tags?post=23783"}],"curies":[{"name":"wp","href":"https:\/\/api.w.org\/{rel}","templated":true}]}}