{"id":23773,"date":"2019-11-30T13:07:19","date_gmt":"2019-11-30T16:07:19","guid":{"rendered":"https:\/\/www.paranapraia.com.br\/?p=23773"},"modified":"2019-11-30T13:07:21","modified_gmt":"2019-11-30T16:07:21","slug":"coritiba-joga-em-salvador-pela-volta-para-a-primeira-divisao","status":"publish","type":"post","link":"https:\/\/www.paranapraia.com.br\/index.php\/2019\/11\/30\/coritiba-joga-em-salvador-pela-volta-para-a-primeira-divisao\/","title":{"rendered":"Coritiba joga em Salvador pela volta para a primeira divis\u00e3o"},"content":{"rendered":"\n<p>S\u00e3o quase dois anos de ang\u00fastia. O torcedor do\u00a0Coritiba\u00a0ainda sofre ao lembrar daquele \u201cl\u00e1 vem a Chape\u201d que marcou o rebaixamento para a S\u00e9rie B em 3 de dezembro de 2017. Para apagar essa mem\u00f3ria e recolocar o clube na elite do futebol brasileiro, basta um empate neste s\u00e1bado (30), \u00e0s 16h30, contra o Vit\u00f3ria, no Barrad\u00e3o, em Salvador.\u00a0Chegou o dia de recome\u00e7ar a hist\u00f3ria alviverde.<\/p>\n\n\n\n<p>Para garantir o acesso, o Coxa depende apenas das pr\u00f3prias for\u00e7as e joga por dois resultados: o empate e a vit\u00f3ria. Caso isso aconte\u00e7a, n\u00e3o ser\u00e1 preciso se preocupar com os jogos dos rivais. Se perder, o G4 apenas escapa se Am\u00e9rica-MG e Atl\u00e9tico-GO vencerem suas partidas. Se apenas um deles vencer, o Alviverde sobe de divis\u00e3o.<\/p>\n\n\n\n<p>Subir para a S\u00e9rie A \u00e9 o desejo do torcedor, mas tamb\u00e9m \u00e9 a necessidade do clube e a cartada dos jogadores e do t\u00e9cnico Jorginho. Para a torcida do Coritiba, os rebaixamentos recentes machucaram muito, e voltar \u00e0 primeira divis\u00e3o representa recuperar a grandeza. E reencontrar o caminho de boas campanhas nacionais, voltando a criar ra\u00edzes na elite do futebol brasileiro.<\/p>\n\n\n\n<figure class=\"wp-block-image\"><a href=\"https:\/\/www.tribunapr.com.br\/wp-content\/uploads\/sites\/1\/2019\/11\/barradao-03-1575118960731.jpg\"><img decoding=\"async\" src=\"https:\/\/www.tribunapr.com.br\/wp-content\/uploads\/sites\/1\/2019\/11\/barradao-03-1575118960731-1110x740.jpg\" alt=\"O est\u00e1dio do Barrad\u00e3o. Foto: Albari Rosa\" class=\"wp-image-3048594\"\/><\/a><figcaption>O est\u00e1dio do Barrad\u00e3o. Foto: Albari Rosa<\/figcaption><\/figure>\n\n\n\n<p>Para muitos dos jogadores, o acesso vai significar a perman\u00eancia no clube \u2013 dois em especial, Juan Alano e Kelvin, festejariam ainda mais porque s\u00e3o torcedores alviverdes. Outros podem reconquistar seu espa\u00e7o no mercado. Al\u00e9m de hist\u00f3rias especiais de reden\u00e7\u00e3o, como as de Alex Muralha e Rafinha.<\/p>\n\n\n\n<p>Para Jorginho, o t\u00e9cnico do Coritiba, conseguir colocar o time de novo na elite marca esse trabalho como um dos principais de sua ainda iniciante carreira. E apaga uma sequ\u00eancia de trabalhos complicados que teve antes de chegar ao Alto da Gl\u00f3ria.<\/p>\n\n\n\n<p>E para o clube como entidade, \u00e9 a chance de sair do zero de novo. A queda acentuada de receita amea\u00e7ava o futuro coxa, e o empate neste s\u00e1bado pode gerar um novo ciclo, com mais investimentos, patroc\u00ednios, s\u00f3cios e direitos de transmiss\u00e3o. \u00c9 um cen\u00e1rio que se descortina muito mais ensolarado do que as previs\u00f5es sombrias dos meses anteriores.<\/p>\n\n\n\n<p>Mas, claro, tudo isso depende do resultado em campo. At\u00e9 para evitar poss\u00edveis interpreta\u00e7\u00f5es erradas, pouca gente falou esta semana. O foco absoluto esteve na prepara\u00e7\u00e3o para encarar o Vit\u00f3ria, inclusive tentando controlar os nervos \u2013 \u00e9 alt\u00edssima a expectativa e a ansiedade dentro do clube e no elenco. A viagem foi antecipada para quinta-feira (28) num plano de blindar o elenco. Ao mesmo tempo, mensagens de incentivo s\u00e3o enviadas para deixar clara a relev\u00e2ncia da partida.<\/p>\n\n\n\n<p>Jorginho n\u00e3o confirmou, mas deve apostar no time mais experiente poss\u00edvel para o jogo. Assim, Robson deve voltar no lugar de Igor Jesus \u2013 a equipe ganha em cancha mas tamb\u00e9m em movimenta\u00e7\u00e3o. E o t\u00e9cnico tamb\u00e9m quer um time com a cabe\u00e7a no lugar. \u201cN\u00f3s sabemos da import\u00e2ncia dos detalhes em jogos assim e nesse momento temos de trazer tranquilidade aos jogadores. O mais fundamental \u00e9 ter equil\u00edbrio e entender o momento importante da hist\u00f3ria do clube\u201d, resumiu.<\/p>\n\n\n\n<h2 class=\"wp-block-heading\">Ficha t\u00e9cnica<\/h2>\n\n\n\n<p><strong>S\u00c9RIE B<br>2\u00ba Turno \u2013 38\u00aa Rodada<\/strong><\/p>\n\n\n\n<p><strong>VIT\u00d3RIA x CORITIBA<\/strong><\/p>\n\n\n\n<p><strong>Vit\u00f3ria<\/strong><br>Mart\u00edn Rodr\u00edguez, Van, Everton Sena, Ramon e Thiago Carleto; Rodrigo Andrade, Baraka e Felipe Gedoz; Felipe Garcia, Eron e Anselmo Ramon.<br>T\u00e9cnico: Geninho<\/p>\n\n\n\n<p><strong>Coritiba<\/strong><br>Alex Muralha; Diogo Mateus, Nathan Ribeiro, Sabino e William Matheus; Matheus Sales, Serginho, Juan Alano e Giovanni; Robson e Rafinha.<br>T\u00e9cnico: Jorginho<\/p>\n\n\n\n<p><strong>Local:<\/strong>\u00a0Barrad\u00e3o (Salvador-BA)<br><strong>Hor\u00e1rio:<\/strong>\u00a016h30<br><strong>\u00c1rbitro:<\/strong>\u00a0Luiz Fl\u00e1vio de Oliveira (Fifa-SP)<br><strong>Assistentes:<\/strong>\u00a0Marcelo Carvalho Van Gasse (Fifa-SP) e Anderson Jos\u00e9 de Moraes Coelho (SP)<br><\/p>\n\n\n\n<p>TribunaPR<\/p>\n","protected":false},"excerpt":{"rendered":"<p>S\u00e3o quase dois anos de ang\u00fastia. O torcedor do\u00a0Coritiba\u00a0ainda sofre ao lembrar daquele \u201cl\u00e1 vem a Chape\u201d que marcou o rebaixamento para a S\u00e9rie B em 3 de dezembro de 2017. Para apagar essa mem\u00f3ria e recolocar o clube na elite do futebol brasileiro, basta um empate neste s\u00e1bado (30), \u00e0s 16h30, contra o Vit\u00f3ria, [&hellip;]<\/p>\n","protected":false},"author":2,"featured_media":23774,"comment_status":"open","ping_status":"open","sticky":false,"template":"","format":"standard","meta":{"advanced_seo_description":"","jetpack_seo_html_title":"","jetpack_seo_noindex":false,"_jetpack_memberships_contains_paid_content":false,"footnotes":""},"categories":[37],"tags":[],"class_list":{"0":"post-23773","1":"post","2":"type-post","3":"status-publish","4":"format-standard","5":"has-post-thumbnail","7":"category-esporte"},"jetpack_featured_media_url":"https:\/\/www.paranapraia.com.br\/wp-content\/uploads\/2019\/11\/coxa.jpeg","jetpack_sharing_enabled":true,"_links":{"self":[{"href":"https:\/\/www.paranapraia.com.br\/index.php\/wp-json\/wp\/v2\/posts\/23773"}],"collection":[{"href":"https:\/\/www.paranapraia.com.br\/index.php\/wp-json\/wp\/v2\/posts"}],"about":[{"href":"https:\/\/www.paranapraia.com.br\/index.php\/wp-json\/wp\/v2\/types\/post"}],"author":[{"embeddable":true,"href":"https:\/\/www.paranapraia.com.br\/index.php\/wp-json\/wp\/v2\/users\/2"}],"replies":[{"embeddable":true,"href":"https:\/\/www.paranapraia.com.br\/index.php\/wp-json\/wp\/v2\/comments?post=23773"}],"version-history":[{"count":1,"href":"https:\/\/www.paranapraia.com.br\/index.php\/wp-json\/wp\/v2\/posts\/23773\/revisions"}],"predecessor-version":[{"id":23775,"href":"https:\/\/www.paranapraia.com.br\/index.php\/wp-json\/wp\/v2\/posts\/23773\/revisions\/23775"}],"wp:featuredmedia":[{"embeddable":true,"href":"https:\/\/www.paranapraia.com.br\/index.php\/wp-json\/wp\/v2\/media\/23774"}],"wp:attachment":[{"href":"https:\/\/www.paranapraia.com.br\/index.php\/wp-json\/wp\/v2\/media?parent=23773"}],"wp:term":[{"taxonomy":"category","embeddable":true,"href":"https:\/\/www.paranapraia.com.br\/index.php\/wp-json\/wp\/v2\/categories?post=23773"},{"taxonomy":"post_tag","embeddable":true,"href":"https:\/\/www.paranapraia.com.br\/index.php\/wp-json\/wp\/v2\/tags?post=23773"}],"curies":[{"name":"wp","href":"https:\/\/api.w.org\/{rel}","templated":true}]}}