{"id":23770,"date":"2019-11-30T13:04:40","date_gmt":"2019-11-30T16:04:40","guid":{"rendered":"https:\/\/www.paranapraia.com.br\/?p=23770"},"modified":"2019-11-30T13:04:41","modified_gmt":"2019-11-30T16:04:41","slug":"com-sua-arte-muralista-da-nova-vida-pra-pinhais-e-chama-atencao-do-brasil-inteiro","status":"publish","type":"post","link":"https:\/\/www.paranapraia.com.br\/index.php\/2019\/11\/30\/com-sua-arte-muralista-da-nova-vida-pra-pinhais-e-chama-atencao-do-brasil-inteiro\/","title":{"rendered":"Com sua arte, Muralista d\u00e1 nova vida pra Pinhais e chama aten\u00e7\u00e3o do Brasil inteiro"},"content":{"rendered":"\n<p>Um caos. Assim qualquer pessoa poderia definir um pequeno trecho da\u00a0Avenida Maring\u00e1, em Pinhais, na Regi\u00e3o metropolitana de\u00a0Curitiba, at\u00e9 o m\u00eas passado. Obras, barulho, tr\u00e2nsito e uma rua cinzenta. No entanto, uma \u201csimples\u201d modifica\u00e7\u00e3o no ambiente deixou uma das ruas mais movimentadas com a pureza de uma crian\u00e7a e a sensa\u00e7\u00e3o que uma boa atitude pode influenciar o dia a dia de uma comunidade.<\/p>\n\n\n\n<p>Um muro de 144 metros de extens\u00e3o e quase 3 metros de altura se transformou em tr\u00eas meses em um painel a c\u00e9u aberto com pinturas que retratam os povos ind\u00edgenas, fauna e flora do\u00a0Paran\u00e1. O artista \u00e9\u00a0Marcelo Diamant, paulista de nascimento, mas que j\u00e1 se considerada um \u201cpiaz\u00e3o\u201d por morar por aqui h\u00e1 mais de 15 anos. Morador do Bairro Alto, Marcelo sempre passava pelo munic\u00edpio vizinho e sonhava em trabalhar na rua. At\u00e9 que um dia surgiu o convite de uma empresa que fez a proposta para ele pintar o muro.<\/p>\n\n\n\n<p>Aceitou de primeira e deixou de lado a tatuagem, servi\u00e7o que rendia um dinheiro para ajudar no sustento da mulher e dos tr\u00eas filhos. \u201cNo Brasil, \u00e9 dif\u00edcil viver de arte e para sustentar minha fam\u00edlia fui para a tatuagem. Adoro o trabalho, mas fiquei com stress, pois ficava preso o dia inteiro no est\u00fadio. A\u00ed apareceu esta oportunidade aqui em Pinhais e est\u00e1 sendo maravilhoso por tudo. O reconhecimento das pessoas \u00e9 fant\u00e1stico\u201d, relatou Diamant.<\/p>\n\n\n\n<p>De agosto a outubro, Marcelo foi ao muro todos os dias e, com o passar da obra, as pessoas perceberam que ali tamb\u00e9m era um incentivo para dar um tempo na correria di\u00e1ria e que o local estava sendo alterado radicalmente. \u201cMudou o nosso ambiente e aprecio todas as imagens. Fa\u00e7o caminhada por aqui e o trabalho do Marcelo \u00e9 mil\u201d, disse o aposentado Lisaldo de Castro, frequentador ass\u00edduo da avenida.<\/p>\n\n\n\n<p>Marcelo usou diversas t\u00e9cnicas de pinturas, com uso de pinceis e pistola. Esmalte sint\u00e9tico e tintas \u00e0 base de solvente foram utilizadas. Al\u00e9m disto, o trabalho \u00e9 definido como de um muralista, ou seja, nada de grafitagem. O muralismo \u00e9 executado na parede e difere de outras formas de arte por estar vinculada \u00e0 arquitetura.<\/p>\n\n\n\n<p>Ayrton Senna e celebridade<\/p>\n\n\n\n<p>Ao terminar a obra do muro, Marcelo recebeu outro convite que o deixou super animado. Poucos metros dali, uma pra\u00e7a chamada Ayrton Senna precisava de uma repaginada. A Prefeitura de Pinhais deu esta miss\u00e3o ao artista e o \u00eddolo eterno do automobilismo nacional ficou gravado em um dos muros. \u201cSem d\u00favida \u00e9 um dos meus preferidos. A hist\u00f3ria dele e pelo homem que foi merece a homenagem\u201d, explicou o artista. <\/p>\n\n\n\n<p>Ap\u00f3s terminar os muros, a vida de Marcelo foi alterada 100%. A mulher j\u00e1 \u00e9 respons\u00e1vel pela agenda e prefeituras do Brasil inteiro j\u00e1 demonstram interesse em contrat\u00e1-lo. \u201cN\u00e3o consigo ver todas as mensagens no meu celular. Muita gente gostou do trabalho e agora tenho esta responsabilidade que tanto sonhei. Quero continuar pintando para que as pessoas tenham um di\u00e1logo com o muro. Neste caso de Pinhais, o recado foi dado. Temos animais em extin\u00e7\u00e3o como o tucano de bico verde e o mico le\u00e3o da cara preta. O meio ambiente vai ser grato\u201d, desabafou Diamant.<\/p>\n\n\n\n<p>Al\u00e9m de poder ajudar a fam\u00edlia, Marcelo n\u00e3o cansa de receber elogios da comunidade. No dia em que a reportagem esteve no local, buzinas, apertos de m\u00e3o e abra\u00e7os com o artista eram vistos a todo o momento. \u201cEu acho lindo e agora tenho o prazer de conhec\u00ea-lo. Parab\u00e9ns demais pelo trabalho. Voc\u00ea consegue alegrar a vida de muita gente\u201d, elogiou Leda Maria, de 41 anos.<\/p>\n\n\n\n<p>Uma Curitiba diferente<\/p>\n\n\n\n<figure class=\"wp-block-image\"><img decoding=\"async\" src=\"https:\/\/www.tribunapr.com.br\/blogs\/wp-content\/uploads\/sites\/2\/2019\/11\/20215420\/04-senna-marcelo-diamant-andre-rodrigues-tribuna1.jpg\" alt=\"\" class=\"wp-image-30175\"\/><figcaption>Marcelo finalizou um painel no Mateus Leme Offices, no Centro C\u00edvico, e sonha transformar tamb\u00e9m Curitiba com sua arte. Fotos: Andr\u00e9 Rodrigues<\/figcaption><\/figure>\n\n\n\n<p>Marcelo Diamant sonha em deixar a capital paranaense ainda mais bonita. Ele j\u00e1 tem a obra de Charles Chaplin pr\u00f3xima ao Jardim Bot\u00e2nico e finalizou nesta semana, em um centro comercial no Centro C\u00edvico, um painel com os pontos tur\u00edsticos de Curitiba. \u201cTenho este ideal de fazer com que a gente fale com a rua pelas pinturas. Queria retratar Curitiba das d\u00e9cadas de 30 e 40 para que as pessoas tenham ideia de como era a cidade no passado. Quero trazer esta ess\u00eancia com as brincadeiras antigas como bolinha de gude, pi\u00e3o, carrinho de rolim\u00e3 e muito mais\u201d, confessou Marcelo.<\/p>\n\n\n\n<p>TribunaPR<br><\/p>\n\n\n\n<p><br><br><\/p>\n","protected":false},"excerpt":{"rendered":"<p>Um caos. Assim qualquer pessoa poderia definir um pequeno trecho da\u00a0Avenida Maring\u00e1, em Pinhais, na Regi\u00e3o metropolitana de\u00a0Curitiba, at\u00e9 o m\u00eas passado. Obras, barulho, tr\u00e2nsito e uma rua cinzenta. No entanto, uma \u201csimples\u201d modifica\u00e7\u00e3o no ambiente deixou uma das ruas mais movimentadas com a pureza de uma crian\u00e7a e a sensa\u00e7\u00e3o que uma boa atitude [&hellip;]<\/p>\n","protected":false},"author":2,"featured_media":23771,"comment_status":"open","ping_status":"open","sticky":false,"template":"","format":"standard","meta":{"advanced_seo_description":"","jetpack_seo_html_title":"","jetpack_seo_noindex":false,"_jetpack_memberships_contains_paid_content":false,"footnotes":""},"categories":[40],"tags":[],"class_list":{"0":"post-23770","1":"post","2":"type-post","3":"status-publish","4":"format-standard","5":"has-post-thumbnail","7":"category-destaques"},"jetpack_featured_media_url":"https:\/\/www.paranapraia.com.br\/wp-content\/uploads\/2019\/11\/ayrton.jpg","jetpack_sharing_enabled":true,"_links":{"self":[{"href":"https:\/\/www.paranapraia.com.br\/index.php\/wp-json\/wp\/v2\/posts\/23770"}],"collection":[{"href":"https:\/\/www.paranapraia.com.br\/index.php\/wp-json\/wp\/v2\/posts"}],"about":[{"href":"https:\/\/www.paranapraia.com.br\/index.php\/wp-json\/wp\/v2\/types\/post"}],"author":[{"embeddable":true,"href":"https:\/\/www.paranapraia.com.br\/index.php\/wp-json\/wp\/v2\/users\/2"}],"replies":[{"embeddable":true,"href":"https:\/\/www.paranapraia.com.br\/index.php\/wp-json\/wp\/v2\/comments?post=23770"}],"version-history":[{"count":1,"href":"https:\/\/www.paranapraia.com.br\/index.php\/wp-json\/wp\/v2\/posts\/23770\/revisions"}],"predecessor-version":[{"id":23772,"href":"https:\/\/www.paranapraia.com.br\/index.php\/wp-json\/wp\/v2\/posts\/23770\/revisions\/23772"}],"wp:featuredmedia":[{"embeddable":true,"href":"https:\/\/www.paranapraia.com.br\/index.php\/wp-json\/wp\/v2\/media\/23771"}],"wp:attachment":[{"href":"https:\/\/www.paranapraia.com.br\/index.php\/wp-json\/wp\/v2\/media?parent=23770"}],"wp:term":[{"taxonomy":"category","embeddable":true,"href":"https:\/\/www.paranapraia.com.br\/index.php\/wp-json\/wp\/v2\/categories?post=23770"},{"taxonomy":"post_tag","embeddable":true,"href":"https:\/\/www.paranapraia.com.br\/index.php\/wp-json\/wp\/v2\/tags?post=23770"}],"curies":[{"name":"wp","href":"https:\/\/api.w.org\/{rel}","templated":true}]}}