{"id":23767,"date":"2019-11-30T13:00:59","date_gmt":"2019-11-30T16:00:59","guid":{"rendered":"https:\/\/www.paranapraia.com.br\/?p=23767"},"modified":"2019-11-30T13:01:00","modified_gmt":"2019-11-30T16:01:00","slug":"papai-noel-tira-fotos-com-pets-neste-domingo-em-curitiba","status":"publish","type":"post","link":"https:\/\/www.paranapraia.com.br\/index.php\/2019\/11\/30\/papai-noel-tira-fotos-com-pets-neste-domingo-em-curitiba\/","title":{"rendered":"Papai Noel tira fotos com pets neste domingo em Curitiba"},"content":{"rendered":"\n<p>Papai Noel estar\u00e1 a postos para tirar fotos com os pets neste domingo (1\u00ba), em Curitiba. O bom velhinho chega \u00e0 Casa do Produtor para uma sess\u00e3o exclusiva a partir do meio-dia. Para participar e garantir uma bela foto natalina para o \u00e1lbum da fam\u00edlia, basta doar ra\u00e7\u00e3o, acess\u00f3rio ou medicamento para um pet resgatado ou ainda, roupas e brinquedos para uma crian\u00e7a carente. Os presentes arrecadados ser\u00e3o doados animais e crian\u00e7as do Instituto S\u00e3o Zygmunt Felinski II, de Curitiba.<\/p>\n\n\n\n<p>\u201cQuem quiser comprar os produtos na Casa do Produtor ajudar\u00e1 duas vezes, pois parte do valor arrecadado ser\u00e1 revertido para protetores independentes e orfanatos\u201d, explica a diretora-executiva da Casa do Produtor, Vanessa Melo.<\/p>\n\n\n\n<p>Quem far\u00e1 as fotos dos animais e seus tutores com o Papai Noel ser\u00e1 a fot\u00f3grafa profissional especialista em pets, Fernanda Sim\u00f5es da Fontoura.<\/p>\n\n\n\n<h3 class=\"wp-block-heading\">Programe-se!<\/h3>\n\n\n\n<p>O evento acontece no estacionamento da Casa do Produtor no Rebou\u00e7as. Mas antes, uma carreata com a presen\u00e7a do Papai Noel sair\u00e1 da unidade do petshop no bairro Semin\u00e1rio, seguindo at\u00e9 o Rebou\u00e7as.<\/p>\n\n\n\n<p>TribunaPR<br><\/p>\n","protected":false},"excerpt":{"rendered":"<p>Papai Noel estar\u00e1 a postos para tirar fotos com os pets neste domingo (1\u00ba), em Curitiba. O bom velhinho chega \u00e0 Casa do Produtor para uma sess\u00e3o exclusiva a partir do meio-dia. Para participar e garantir uma bela foto natalina para o \u00e1lbum da fam\u00edlia, basta doar ra\u00e7\u00e3o, acess\u00f3rio ou medicamento para um pet resgatado [&hellip;]<\/p>\n","protected":false},"author":2,"featured_media":23768,"comment_status":"open","ping_status":"open","sticky":false,"template":"","format":"standard","meta":{"advanced_seo_description":"","jetpack_seo_html_title":"","jetpack_seo_noindex":false,"_jetpack_memberships_contains_paid_content":false,"footnotes":""},"categories":[40],"tags":[],"class_list":{"0":"post-23767","1":"post","2":"type-post","3":"status-publish","4":"format-standard","5":"has-post-thumbnail","7":"category-destaques"},"jetpack_featured_media_url":"https:\/\/www.paranapraia.com.br\/wp-content\/uploads\/2019\/11\/pets.jpg","jetpack_sharing_enabled":true,"_links":{"self":[{"href":"https:\/\/www.paranapraia.com.br\/index.php\/wp-json\/wp\/v2\/posts\/23767"}],"collection":[{"href":"https:\/\/www.paranapraia.com.br\/index.php\/wp-json\/wp\/v2\/posts"}],"about":[{"href":"https:\/\/www.paranapraia.com.br\/index.php\/wp-json\/wp\/v2\/types\/post"}],"author":[{"embeddable":true,"href":"https:\/\/www.paranapraia.com.br\/index.php\/wp-json\/wp\/v2\/users\/2"}],"replies":[{"embeddable":true,"href":"https:\/\/www.paranapraia.com.br\/index.php\/wp-json\/wp\/v2\/comments?post=23767"}],"version-history":[{"count":1,"href":"https:\/\/www.paranapraia.com.br\/index.php\/wp-json\/wp\/v2\/posts\/23767\/revisions"}],"predecessor-version":[{"id":23769,"href":"https:\/\/www.paranapraia.com.br\/index.php\/wp-json\/wp\/v2\/posts\/23767\/revisions\/23769"}],"wp:featuredmedia":[{"embeddable":true,"href":"https:\/\/www.paranapraia.com.br\/index.php\/wp-json\/wp\/v2\/media\/23768"}],"wp:attachment":[{"href":"https:\/\/www.paranapraia.com.br\/index.php\/wp-json\/wp\/v2\/media?parent=23767"}],"wp:term":[{"taxonomy":"category","embeddable":true,"href":"https:\/\/www.paranapraia.com.br\/index.php\/wp-json\/wp\/v2\/categories?post=23767"},{"taxonomy":"post_tag","embeddable":true,"href":"https:\/\/www.paranapraia.com.br\/index.php\/wp-json\/wp\/v2\/tags?post=23767"}],"curies":[{"name":"wp","href":"https:\/\/api.w.org\/{rel}","templated":true}]}}