{"id":23761,"date":"2019-11-30T12:53:28","date_gmt":"2019-11-30T15:53:28","guid":{"rendered":"https:\/\/www.paranapraia.com.br\/?p=23761"},"modified":"2019-11-30T12:53:29","modified_gmt":"2019-11-30T15:53:29","slug":"pai-de-menino-que-teve-braco-amputado-apos-ser-atacado-por-tigre-em-cascavel-e-condenado-pela-justica","status":"publish","type":"post","link":"https:\/\/www.paranapraia.com.br\/index.php\/2019\/11\/30\/pai-de-menino-que-teve-braco-amputado-apos-ser-atacado-por-tigre-em-cascavel-e-condenado-pela-justica\/","title":{"rendered":"Pai de menino que teve bra\u00e7o amputado ap\u00f3s ser atacado por tigre em Cascavel \u00e9 condenado pela Justi\u00e7a"},"content":{"rendered":"\n<h4 class=\"wp-block-heading\">Caso aconteceu em 2014, quando garoto passeava com o pai no Zool\u00f3gico Municipal; homem foi condenado a tr\u00eas anos de pris\u00e3o, em regime aberto, por les\u00e3o corporal e omiss\u00e3o.<\/h4>\n\n\n\n<p>O pai do menino que\u00a0teve o bra\u00e7o amputado ap\u00f3s ser atacado por um tigre\u00a0no Zool\u00f3gico Municipal de Cascavel, no oeste do Paran\u00e1, foi condenado pela Justi\u00e7a pelos crimes de les\u00e3o corporal e omiss\u00e3o.<\/p>\n\n\n\n<p>O caso aconteceu em julho de 2014, quando Vrajamany Fernandes Rocha, que na \u00e9poca tinha 11 anos, passeava com o pai Marcos do Carmo Rocha.<\/p>\n\n\n\n<p>A decis\u00e3o foi proferida na quinta-feira (28).<\/p>\n\n\n\n<p>Segundo a senten\u00e7a, o pai do garoto deve cumprir tr\u00eas anos de pris\u00e3o em regime aberto com presta\u00e7\u00e3o de servi\u00e7os comunit\u00e1rios e restri\u00e7\u00e3o de circula\u00e7\u00e3o em hor\u00e1rios determinados. A pena do caso foi agravada porque o menino perdeu o bra\u00e7o no ataque.<\/p>\n\n\n\n<p>Na decis\u00e3o, a juiza Fernanda Consoni destacou que o pai do menino n\u00e3o agiu para impedir o ataque e que estava ciente do risco que o filho estava sendo exposto. Ainda conforme a ju\u00edza, a atitude do pai demonstra aus\u00eancia de cuidado e prote\u00e7\u00e3o.<\/p>\n\n\n\n<p>O pai incentivou o filho a ficar perto da grade para tirar fotos e para que ele mexesse com o animal, conforme a senten\u00e7a.<\/p>\n\n\n\n<p>G1PR<br><\/p>\n","protected":false},"excerpt":{"rendered":"<p>Caso aconteceu em 2014, quando garoto passeava com o pai no Zool\u00f3gico Municipal; homem foi condenado a tr\u00eas anos de pris\u00e3o, em regime aberto, por les\u00e3o corporal e omiss\u00e3o. O pai do menino que\u00a0teve o bra\u00e7o amputado ap\u00f3s ser atacado por um tigre\u00a0no Zool\u00f3gico Municipal de Cascavel, no oeste do Paran\u00e1, foi condenado pela Justi\u00e7a [&hellip;]<\/p>\n","protected":false},"author":2,"featured_media":23762,"comment_status":"open","ping_status":"open","sticky":false,"template":"","format":"standard","meta":{"advanced_seo_description":"","jetpack_seo_html_title":"","jetpack_seo_noindex":false,"_jetpack_memberships_contains_paid_content":false,"footnotes":""},"categories":[40],"tags":[],"class_list":{"0":"post-23761","1":"post","2":"type-post","3":"status-publish","4":"format-standard","5":"has-post-thumbnail","7":"category-destaques"},"jetpack_featured_media_url":"https:\/\/www.paranapraia.com.br\/wp-content\/uploads\/2019\/11\/tigre.jpg","jetpack_sharing_enabled":true,"_links":{"self":[{"href":"https:\/\/www.paranapraia.com.br\/index.php\/wp-json\/wp\/v2\/posts\/23761"}],"collection":[{"href":"https:\/\/www.paranapraia.com.br\/index.php\/wp-json\/wp\/v2\/posts"}],"about":[{"href":"https:\/\/www.paranapraia.com.br\/index.php\/wp-json\/wp\/v2\/types\/post"}],"author":[{"embeddable":true,"href":"https:\/\/www.paranapraia.com.br\/index.php\/wp-json\/wp\/v2\/users\/2"}],"replies":[{"embeddable":true,"href":"https:\/\/www.paranapraia.com.br\/index.php\/wp-json\/wp\/v2\/comments?post=23761"}],"version-history":[{"count":1,"href":"https:\/\/www.paranapraia.com.br\/index.php\/wp-json\/wp\/v2\/posts\/23761\/revisions"}],"predecessor-version":[{"id":23763,"href":"https:\/\/www.paranapraia.com.br\/index.php\/wp-json\/wp\/v2\/posts\/23761\/revisions\/23763"}],"wp:featuredmedia":[{"embeddable":true,"href":"https:\/\/www.paranapraia.com.br\/index.php\/wp-json\/wp\/v2\/media\/23762"}],"wp:attachment":[{"href":"https:\/\/www.paranapraia.com.br\/index.php\/wp-json\/wp\/v2\/media?parent=23761"}],"wp:term":[{"taxonomy":"category","embeddable":true,"href":"https:\/\/www.paranapraia.com.br\/index.php\/wp-json\/wp\/v2\/categories?post=23761"},{"taxonomy":"post_tag","embeddable":true,"href":"https:\/\/www.paranapraia.com.br\/index.php\/wp-json\/wp\/v2\/tags?post=23761"}],"curies":[{"name":"wp","href":"https:\/\/api.w.org\/{rel}","templated":true}]}}