{"id":23758,"date":"2019-11-30T12:51:35","date_gmt":"2019-11-30T15:51:35","guid":{"rendered":"https:\/\/www.paranapraia.com.br\/?p=23758"},"modified":"2019-11-30T12:51:37","modified_gmt":"2019-11-30T15:51:37","slug":"uma-pessoa-morre-e-outras-duas-ficam-feridas-apos-carro-bater-contra-poste-em-sao-jose-dos-pinhais","status":"publish","type":"post","link":"https:\/\/www.paranapraia.com.br\/index.php\/2019\/11\/30\/uma-pessoa-morre-e-outras-duas-ficam-feridas-apos-carro-bater-contra-poste-em-sao-jose-dos-pinhais\/","title":{"rendered":"Uma pessoa morre e outras duas ficam feridas ap\u00f3s carro bater contra poste, em S\u00e3o Jos\u00e9 dos Pinhais"},"content":{"rendered":"\n<h4 class=\"wp-block-heading\">Acidente aconteceu na manh\u00e3 deste s\u00e1bado (30), na Rua Benjamim Claudino Barbosa, no bairro Cachoeira.<\/h4>\n\n\n\n<p>Uma pessoa morreu e outras duas ficaram feridas em um acidente na Rua Benjamim Claudino Barbosa, em S\u00e3o Jos\u00e9 dos Pinhais, na Regi\u00e3o Metropolitana de Curitiba, na manh\u00e3 deste s\u00e1bado (30).<\/p>\n\n\n\n<p>O carro em que as v\u00edtimas estavam bateu contra um poste. C\u00e2meras de seguran\u00e7a registraram o momento do acidente, no bairro Cachoeira.<\/p>\n\n\n\n<p>Segundo a Pol\u00edcia Militar (PM), uma mulher que estava no carro morreu ainda no local. Uma outra mulher, de 29 anos, foi levada com ferimentos graves para o Hospital do Trabalhador, em Curitiba.<\/p>\n\n\n\n<p>Um jovem, de 20 anos, foi encaminhado com ferimentos moderados ao Hospital Cajuru, tamb\u00e9m na capital.<\/p>\n\n\n\n<p>A prefeitura de S\u00e3o Jos\u00e9 dos pinhais informou que a rua, conhecida como Estrada da Cachoeira, \u00e9 extensa e que, infelizmente, a causa dos acidentes tem sido o excesso de velocidade. Segundo o munic\u00edpio, &#8220;mesmo em alguns trechos onde h\u00e1 lombadas tamb\u00e9m s\u00e3o registrados acidentes pelo excesso de velocidade&#8221;.<br><\/p>\n\n\n\n<p>G1PR<br><\/p>\n","protected":false},"excerpt":{"rendered":"<p>Acidente aconteceu na manh\u00e3 deste s\u00e1bado (30), na Rua Benjamim Claudino Barbosa, no bairro Cachoeira. Uma pessoa morreu e outras duas ficaram feridas em um acidente na Rua Benjamim Claudino Barbosa, em S\u00e3o Jos\u00e9 dos Pinhais, na Regi\u00e3o Metropolitana de Curitiba, na manh\u00e3 deste s\u00e1bado (30). O carro em que as v\u00edtimas estavam bateu contra [&hellip;]<\/p>\n","protected":false},"author":2,"featured_media":23759,"comment_status":"open","ping_status":"open","sticky":false,"template":"","format":"standard","meta":{"advanced_seo_description":"","jetpack_seo_html_title":"","jetpack_seo_noindex":false,"_jetpack_memberships_contains_paid_content":false,"footnotes":""},"categories":[40],"tags":[],"class_list":{"0":"post-23758","1":"post","2":"type-post","3":"status-publish","4":"format-standard","5":"has-post-thumbnail","7":"category-destaques"},"jetpack_featured_media_url":"https:\/\/www.paranapraia.com.br\/wp-content\/uploads\/2019\/11\/moreu.jpeg","jetpack_sharing_enabled":true,"_links":{"self":[{"href":"https:\/\/www.paranapraia.com.br\/index.php\/wp-json\/wp\/v2\/posts\/23758"}],"collection":[{"href":"https:\/\/www.paranapraia.com.br\/index.php\/wp-json\/wp\/v2\/posts"}],"about":[{"href":"https:\/\/www.paranapraia.com.br\/index.php\/wp-json\/wp\/v2\/types\/post"}],"author":[{"embeddable":true,"href":"https:\/\/www.paranapraia.com.br\/index.php\/wp-json\/wp\/v2\/users\/2"}],"replies":[{"embeddable":true,"href":"https:\/\/www.paranapraia.com.br\/index.php\/wp-json\/wp\/v2\/comments?post=23758"}],"version-history":[{"count":1,"href":"https:\/\/www.paranapraia.com.br\/index.php\/wp-json\/wp\/v2\/posts\/23758\/revisions"}],"predecessor-version":[{"id":23760,"href":"https:\/\/www.paranapraia.com.br\/index.php\/wp-json\/wp\/v2\/posts\/23758\/revisions\/23760"}],"wp:featuredmedia":[{"embeddable":true,"href":"https:\/\/www.paranapraia.com.br\/index.php\/wp-json\/wp\/v2\/media\/23759"}],"wp:attachment":[{"href":"https:\/\/www.paranapraia.com.br\/index.php\/wp-json\/wp\/v2\/media?parent=23758"}],"wp:term":[{"taxonomy":"category","embeddable":true,"href":"https:\/\/www.paranapraia.com.br\/index.php\/wp-json\/wp\/v2\/categories?post=23758"},{"taxonomy":"post_tag","embeddable":true,"href":"https:\/\/www.paranapraia.com.br\/index.php\/wp-json\/wp\/v2\/tags?post=23758"}],"curies":[{"name":"wp","href":"https:\/\/api.w.org\/{rel}","templated":true}]}}