{"id":23754,"date":"2019-11-30T12:48:56","date_gmt":"2019-11-30T15:48:56","guid":{"rendered":"https:\/\/www.paranapraia.com.br\/?p=23754"},"modified":"2019-11-30T12:48:58","modified_gmt":"2019-11-30T15:48:58","slug":"fim-de-semana-tera-temperaturas-acima-dos-30o-em-curitiba-e-no-litoral","status":"publish","type":"post","link":"https:\/\/www.paranapraia.com.br\/index.php\/2019\/11\/30\/fim-de-semana-tera-temperaturas-acima-dos-30o-em-curitiba-e-no-litoral\/","title":{"rendered":"Fim de Semana ter\u00e1 temperaturas acima dos 30\u00ba em Curitiba e no litoral"},"content":{"rendered":"\n<p>Ap\u00f3s uma semana de frente fria, chuva e temperaturas amenas, o fim de semana promete muito sol e calor em Curitiba e no Litoral do Paran\u00e1.&nbsp;No s\u00e1bado (30), a previs\u00e3o do Simepar para a capital \u00e9 de m\u00ednima de 15\u00baC, com m\u00e1xima chegando aos 31\u00baC. No domingo (1\u00ba), o quadro \u00e9 semelhante, com term\u00f4metros chegando aos 32\u00baC de m\u00e1xima.<\/p>\n\n\n\n<p>\u201cSer\u00e1 um fim de semana de sol, sem previs\u00e3o de chuva para Curitiba e Paranagu\u00e1, no Litoral. No entanto, segue a condi\u00e7\u00e3o de amplitude t\u00e9rmica, com manh\u00e3s frias e tardes de temperaturas elevadas. D\u00e1 para sair de casaco e ir tirando durante o dia\u201d, explica a meteorologista do Simepar Larissa de Freitas.<\/p>\n\n\n\n<h3 class=\"wp-block-heading\">Litoral<\/h3>\n\n\n\n<p>Em Paranagu\u00e1 e nas praias, a previs\u00e3o \u00e9 similar \u00e0 da capital. No s\u00e1bado a m\u00ednima ser\u00e1 de 17\u00baC&nbsp; e a m\u00e1xima de 29\u00baC, com nebulosidade e abertura de sol . J\u00e1 o domingo ser\u00e1 de sol e c\u00e9u claro, com temperaturas variando entre 19\u00baC&nbsp;e 31\u00baC .<\/p>\n\n\n\n<p>Fonte: Tribuna do Paran\u00e1<br><\/p>\n","protected":false},"excerpt":{"rendered":"<p>Ap\u00f3s uma semana de frente fria, chuva e temperaturas amenas, o fim de semana promete muito sol e calor em Curitiba e no Litoral do Paran\u00e1.&nbsp;No s\u00e1bado (30), a previs\u00e3o do Simepar para a capital \u00e9 de m\u00ednima de 15\u00baC, com m\u00e1xima chegando aos 31\u00baC. No domingo (1\u00ba), o quadro \u00e9 semelhante, com term\u00f4metros chegando [&hellip;]<\/p>\n","protected":false},"author":2,"featured_media":23755,"comment_status":"open","ping_status":"open","sticky":false,"template":"","format":"standard","meta":{"advanced_seo_description":"","jetpack_seo_html_title":"","jetpack_seo_noindex":false,"_jetpack_memberships_contains_paid_content":false,"footnotes":""},"categories":[40],"tags":[],"class_list":{"0":"post-23754","1":"post","2":"type-post","3":"status-publish","4":"format-standard","5":"has-post-thumbnail","7":"category-destaques"},"jetpack_featured_media_url":"https:\/\/www.paranapraia.com.br\/wp-content\/uploads\/2019\/11\/matinhods.jpg","jetpack_sharing_enabled":true,"_links":{"self":[{"href":"https:\/\/www.paranapraia.com.br\/index.php\/wp-json\/wp\/v2\/posts\/23754"}],"collection":[{"href":"https:\/\/www.paranapraia.com.br\/index.php\/wp-json\/wp\/v2\/posts"}],"about":[{"href":"https:\/\/www.paranapraia.com.br\/index.php\/wp-json\/wp\/v2\/types\/post"}],"author":[{"embeddable":true,"href":"https:\/\/www.paranapraia.com.br\/index.php\/wp-json\/wp\/v2\/users\/2"}],"replies":[{"embeddable":true,"href":"https:\/\/www.paranapraia.com.br\/index.php\/wp-json\/wp\/v2\/comments?post=23754"}],"version-history":[{"count":1,"href":"https:\/\/www.paranapraia.com.br\/index.php\/wp-json\/wp\/v2\/posts\/23754\/revisions"}],"predecessor-version":[{"id":23756,"href":"https:\/\/www.paranapraia.com.br\/index.php\/wp-json\/wp\/v2\/posts\/23754\/revisions\/23756"}],"wp:featuredmedia":[{"embeddable":true,"href":"https:\/\/www.paranapraia.com.br\/index.php\/wp-json\/wp\/v2\/media\/23755"}],"wp:attachment":[{"href":"https:\/\/www.paranapraia.com.br\/index.php\/wp-json\/wp\/v2\/media?parent=23754"}],"wp:term":[{"taxonomy":"category","embeddable":true,"href":"https:\/\/www.paranapraia.com.br\/index.php\/wp-json\/wp\/v2\/categories?post=23754"},{"taxonomy":"post_tag","embeddable":true,"href":"https:\/\/www.paranapraia.com.br\/index.php\/wp-json\/wp\/v2\/tags?post=23754"}],"curies":[{"name":"wp","href":"https:\/\/api.w.org\/{rel}","templated":true}]}}