{"id":23751,"date":"2019-11-29T16:03:48","date_gmt":"2019-11-29T19:03:48","guid":{"rendered":"https:\/\/www.paranapraia.com.br\/?p=23751"},"modified":"2019-11-29T16:03:49","modified_gmt":"2019-11-29T19:03:49","slug":"patriota-realiza-seu-primeiro-encontro-regional","status":"publish","type":"post","link":"https:\/\/www.paranapraia.com.br\/index.php\/2019\/11\/29\/patriota-realiza-seu-primeiro-encontro-regional\/","title":{"rendered":"Patriota realiza seu primeiro encontro regional"},"content":{"rendered":"\n<p>Neste dia 07 de dezembro acontece com in\u00edcio \u00e0s 10 horas da manh\u00e3, na sede do Patriota Pontal no balne\u00e1rio de Ipanema o 1\u00ba Encontro Patriota Litoral, onde estar\u00e3o reunidos membro do partido e todo litoral, com os objetivos de discutir o cen\u00e1rio pol\u00edtico da regi\u00e3o.<\/p>\n\n\n\n<p>O evento j\u00e1 tem confirmada a presen\u00e7a do Deputado Federal Evandro Roman (presidente estadual do Patriota), do prefeito de Castro Moacyr Elias Fadel Junior (vice-presidente do Patriota estadual) e Dr. Lineu Tomass (assessor do governo do estado do Paran\u00e1).<\/p>\n\n\n\n<p>O encontro ser\u00e1 presenteado com a uma palestra do valoroso Dr. Lineu Tomas com o tema\u201d Cen\u00e1rio Politico Nacional\u201d. Dr. Lineu Tomas \u00e9 advogado, jornalista, contador, escritor e especialista em marketing eleitoral. Lineu sempre esteve envolvido com os movimentos pol\u00edticos socias do pa\u00eds, onde sempre buscou trabalhar em prol do desenvolvimento do Brasil , principalmente do Paran\u00e1. Possui um rool enorme em rela\u00e7\u00e3o aos projetos que buscam implantar a valoriza\u00e7\u00e3o da dignidade, a \u00e9tica, transpar\u00eancia e principalmente a honestidade dentro do meio politico.<\/p>\n\n\n\n<p>Segundo Carlos Mora( presidente de honra do Patriota de Pontal do Paran\u00e1)\u201d\u2026 esse encontro ser\u00e1 um momento marcante e decisivo para o futuro de Pontal do Paran\u00e1 e de todo litoral, onde o partido est\u00e1 buscando a coer\u00eancia, falar a mesma l\u00edngua para divulgar esse partido, que atualmente \u00e9 um dos que mais cresce no estado\u2026\u201d<br>Dentro do munic\u00edpio de Pontal do Paran\u00e1 o Partido do Patriota est\u00e1 trabalhando em conjunto com o MDB, onde est\u00e3o costurando a pr\u00e9-candidatura de Rud\u00e3o Gimenes a prefeito de Pontal do Paran\u00e1.<\/p>\n\n\n\n<p>O Presidente do Partido George Lima citou\u201d\u2026 todos que estiverem presentes com certeza desfrutar\u00e3o de momentos de muito aprendizado\u2026\u201d<\/p>\n\n\n\n<p>O coordenador do Partido Mario Marques ( repolho) lembrou\u201d\u2026 hoje a popula\u00e7\u00e3o assim como os pr\u00e9-candidatos a cargos no executivos e legislativos precisam estar preparados com conhecimento sobre os cargos que pretendem assumir\u2026\u201d<\/p>\n\n\n\n<p>Maiores informa\u00e7\u00f5es pelo telefone ou whatsapp 41 996968905 com Carlos Mora.<\/p>\n\n\n\n<p>Assessoria<br><\/p>\n","protected":false},"excerpt":{"rendered":"<p>Neste dia 07 de dezembro acontece com in\u00edcio \u00e0s 10 horas da manh\u00e3, na sede do Patriota Pontal no balne\u00e1rio de Ipanema o 1\u00ba Encontro Patriota Litoral, onde estar\u00e3o reunidos membro do partido e todo litoral, com os objetivos de discutir o cen\u00e1rio pol\u00edtico da regi\u00e3o. O evento j\u00e1 tem confirmada a presen\u00e7a do Deputado [&hellip;]<\/p>\n","protected":false},"author":2,"featured_media":23752,"comment_status":"open","ping_status":"open","sticky":false,"template":"","format":"standard","meta":{"advanced_seo_description":"","jetpack_seo_html_title":"","jetpack_seo_noindex":false,"_jetpack_memberships_contains_paid_content":false,"footnotes":""},"categories":[40],"tags":[],"class_list":{"0":"post-23751","1":"post","2":"type-post","3":"status-publish","4":"format-standard","5":"has-post-thumbnail","7":"category-destaques"},"jetpack_featured_media_url":"https:\/\/www.paranapraia.com.br\/wp-content\/uploads\/2019\/11\/lineu-2.jpg","jetpack_sharing_enabled":true,"_links":{"self":[{"href":"https:\/\/www.paranapraia.com.br\/index.php\/wp-json\/wp\/v2\/posts\/23751"}],"collection":[{"href":"https:\/\/www.paranapraia.com.br\/index.php\/wp-json\/wp\/v2\/posts"}],"about":[{"href":"https:\/\/www.paranapraia.com.br\/index.php\/wp-json\/wp\/v2\/types\/post"}],"author":[{"embeddable":true,"href":"https:\/\/www.paranapraia.com.br\/index.php\/wp-json\/wp\/v2\/users\/2"}],"replies":[{"embeddable":true,"href":"https:\/\/www.paranapraia.com.br\/index.php\/wp-json\/wp\/v2\/comments?post=23751"}],"version-history":[{"count":1,"href":"https:\/\/www.paranapraia.com.br\/index.php\/wp-json\/wp\/v2\/posts\/23751\/revisions"}],"predecessor-version":[{"id":23753,"href":"https:\/\/www.paranapraia.com.br\/index.php\/wp-json\/wp\/v2\/posts\/23751\/revisions\/23753"}],"wp:featuredmedia":[{"embeddable":true,"href":"https:\/\/www.paranapraia.com.br\/index.php\/wp-json\/wp\/v2\/media\/23752"}],"wp:attachment":[{"href":"https:\/\/www.paranapraia.com.br\/index.php\/wp-json\/wp\/v2\/media?parent=23751"}],"wp:term":[{"taxonomy":"category","embeddable":true,"href":"https:\/\/www.paranapraia.com.br\/index.php\/wp-json\/wp\/v2\/categories?post=23751"},{"taxonomy":"post_tag","embeddable":true,"href":"https:\/\/www.paranapraia.com.br\/index.php\/wp-json\/wp\/v2\/tags?post=23751"}],"curies":[{"name":"wp","href":"https:\/\/api.w.org\/{rel}","templated":true}]}}