{"id":23745,"date":"2019-11-29T15:57:24","date_gmt":"2019-11-29T18:57:24","guid":{"rendered":"https:\/\/www.paranapraia.com.br\/?p=23745"},"modified":"2019-11-29T15:57:25","modified_gmt":"2019-11-29T18:57:25","slug":"paranaenses-devem-gastar-em-media-r-460-na-black-friday-diz-pesquisa","status":"publish","type":"post","link":"https:\/\/www.paranapraia.com.br\/index.php\/2019\/11\/29\/paranaenses-devem-gastar-em-media-r-460-na-black-friday-diz-pesquisa\/","title":{"rendered":"Paranaenses devem gastar em m\u00e9dia R$ 460 na Black Friday, diz pesquisa"},"content":{"rendered":"\n<h4 class=\"wp-block-heading\">Em todo o estado, muitos consumidores acordaram cedo e formaram filas nas lojas para garantir os descontos.<\/h4>\n\n\n\n<p>Uma pesquisa da Associa\u00e7\u00e3o Comercial do Paran\u00e1 (ACP) apontou que os paranaenses devem gastar, em m\u00e9dia, R$ 460 nesta sexta-feira (29), tamb\u00e9m conhecida como Black Friday.<\/p>\n\n\n\n<p>Do total de entrevistados, 63% afirmaram que v\u00e3o aproveitar os descontos para comprar coisas que ainda n\u00e3o tinham.<\/p>\n\n\n\n<p>Outros 34% disseram que v\u00e3o aproveitar as ofertas para substituir produtos que j\u00e1 t\u00eam. E 3% dos entrevistados na pesquisa argumentaram que pretendem aproveitar algum lan\u00e7amento para ficar na moda.<\/p>\n\n\n\n<p>Em todo o Paran\u00e1, muitos consumidores acordaram cedo e fizeram filas em v\u00e1rias lojas para garantir uma boa compra. Em Curitiba, uma loja de departamentos abriu \u00e0 meia-noite e fez o maior sucesso.<\/p>\n\n\n\n<p>&#8220;Os pre\u00e7os est\u00e3o super valendo a pena. Eu comprei v\u00e1rios produtos de higiene, chocolates, bolacha. Tudo est\u00e1 valendo muito a pena. Eu cheguei aqui na loja era 6h30, e a loja j\u00e1 estava com filas gigantes&#8221;, contou a cliente Thais Hack. Ela brincou e disse que fez at\u00e9 amizade na fila do caixa para n\u00e3o sofrer tanto com a espera.<\/p>\n\n\n\n<p>Muitas lojas tamb\u00e9m refor\u00e7aram o n\u00famero de funcion\u00e1rios para garantir as vendas nesta sexta-feira.<\/p>\n\n\n\n<p>Ainda conforme a pesquisa da ACP, 57% dos consumidores devem fazer as compras pela internet e 43% em lojas f\u00edsicas.<\/p>\n\n\n\n<p>Sessenta e cinco por cento deles pagar\u00e3o as compras parcelando o valor. Outros 35% disseram que ir\u00e3o pagar \u00e0 vista.<\/p>\n\n\n\n<p>O cart\u00e3o de cr\u00e9dito ser\u00e1 utilizado por 41% dos consumidores, ainda conforme a pesquisa. Outros 19% v\u00e3o pagar em dinheiro e 16% no cart\u00e3o de d\u00e9bito.<\/p>\n\n\n\n<h2 class=\"wp-block-heading\">30% n\u00e3o v\u00e3o comprar nada<\/h2>\n\n\n\n<p>Trinta por cento dos consumidores entrevistados pela ACP disseram que n\u00e3o pretendem fazer compras na Black Friday. Desses, 29% argumentaram que n\u00e3o tem o h\u00e1bito de fazer compras por n\u00e3o perceberem vantagens econ\u00f4micas na data e 18% por estarem endividados.<\/p>\n\n\n\n<p>G1PR<br><\/p>\n\n\n\n<p><br><\/p>\n\n\n\n<p><br><\/p>\n","protected":false},"excerpt":{"rendered":"<p>Em todo o estado, muitos consumidores acordaram cedo e formaram filas nas lojas para garantir os descontos. Uma pesquisa da Associa\u00e7\u00e3o Comercial do Paran\u00e1 (ACP) apontou que os paranaenses devem gastar, em m\u00e9dia, R$ 460 nesta sexta-feira (29), tamb\u00e9m conhecida como Black Friday. Do total de entrevistados, 63% afirmaram que v\u00e3o aproveitar os descontos para [&hellip;]<\/p>\n","protected":false},"author":2,"featured_media":23746,"comment_status":"open","ping_status":"open","sticky":false,"template":"","format":"standard","meta":{"advanced_seo_description":"","jetpack_seo_html_title":"","jetpack_seo_noindex":false,"_jetpack_memberships_contains_paid_content":false,"footnotes":""},"categories":[40],"tags":[],"class_list":{"0":"post-23745","1":"post","2":"type-post","3":"status-publish","4":"format-standard","5":"has-post-thumbnail","7":"category-destaques"},"jetpack_featured_media_url":"https:\/\/www.paranapraia.com.br\/wp-content\/uploads\/2019\/11\/aranaense.jpg","jetpack_sharing_enabled":true,"_links":{"self":[{"href":"https:\/\/www.paranapraia.com.br\/index.php\/wp-json\/wp\/v2\/posts\/23745"}],"collection":[{"href":"https:\/\/www.paranapraia.com.br\/index.php\/wp-json\/wp\/v2\/posts"}],"about":[{"href":"https:\/\/www.paranapraia.com.br\/index.php\/wp-json\/wp\/v2\/types\/post"}],"author":[{"embeddable":true,"href":"https:\/\/www.paranapraia.com.br\/index.php\/wp-json\/wp\/v2\/users\/2"}],"replies":[{"embeddable":true,"href":"https:\/\/www.paranapraia.com.br\/index.php\/wp-json\/wp\/v2\/comments?post=23745"}],"version-history":[{"count":1,"href":"https:\/\/www.paranapraia.com.br\/index.php\/wp-json\/wp\/v2\/posts\/23745\/revisions"}],"predecessor-version":[{"id":23747,"href":"https:\/\/www.paranapraia.com.br\/index.php\/wp-json\/wp\/v2\/posts\/23745\/revisions\/23747"}],"wp:featuredmedia":[{"embeddable":true,"href":"https:\/\/www.paranapraia.com.br\/index.php\/wp-json\/wp\/v2\/media\/23746"}],"wp:attachment":[{"href":"https:\/\/www.paranapraia.com.br\/index.php\/wp-json\/wp\/v2\/media?parent=23745"}],"wp:term":[{"taxonomy":"category","embeddable":true,"href":"https:\/\/www.paranapraia.com.br\/index.php\/wp-json\/wp\/v2\/categories?post=23745"},{"taxonomy":"post_tag","embeddable":true,"href":"https:\/\/www.paranapraia.com.br\/index.php\/wp-json\/wp\/v2\/tags?post=23745"}],"curies":[{"name":"wp","href":"https:\/\/api.w.org\/{rel}","templated":true}]}}